{"id":1879,"global_id":"www.cabinetmarechaux.com?id=1879","global_id_lineage":["www.cabinetmarechaux.com?id=1879"],"author":"1","status":"publish","date":"2020-02-24 12:15:06","date_utc":"2020-02-24 11:15:06","modified":"2020-02-24 12:20:05","modified_utc":"2020-02-24 11:20:05","url":"https:\/\/www.cabinetmarechaux.com\/index.php\/event\/corbeil-essonnes-camper-dabernat\/","rest_url":"https:\/\/www.cabinetmarechaux.com\/index.php\/wp-json\/tribe\/events\/v1\/events\/1879","title":"CORBEIL-ESSONNES     CAMPER &#038; DABERNAT","description":"<p class=\"Corps\">Fran\u00e7ois MELIN( 1941-2019) \u00a0a d\u00e9but\u00e9 ses cr\u00e9ations dans les ann\u00e9es 70,\u00a0 muni de son chalumeau, il soude, il assemble des mat\u00e9riaux de r\u00e9cup\u00e9ration, pour leur donner une forme humaine ou animale. \u00ab\u00a0J\u2019ai commenc\u00e9 avec du fer forg\u00e9, puis j\u2019ai abord\u00e9 le laiton martel\u00e9. Plus tard j\u2019ai d\u00e9couvert que souder bout \u00e0 bout des plaquettes de m\u00e9tal me permettait de donner plus de mouvement \u00e0 mes oeuvres. Depuis je n\u2019ai plus travaill\u00e9 qu\u2019en formes pleines\u00a0\u00bb. Cette technique d\u2019assemblage par soudure de petites plaquettes de laiton devient sa signature.<\/p>\n<p class=\"Corps\">\u00a0Fran\u00e7ois Melin soude, mart\u00e8le, patine, il cr\u00e9e des objets utiles, chemin\u00e9es, tables, lampes, chaises, publicitaires pour attirer le chaland dans les restaurants ou magasins de la r\u00e9gion et d\u00e9coratifs. Il peuple d\u2019animaux son parc \u00e0 Villoison, installe une girafe au Jardin d\u2019Acclimatation et cr\u00e9e un immense requin pour le rond-point de Villab\u00e9 toujours en place.<\/p>\n<p><img loading=\"lazy\" decoding=\"async\" class=\"alignleft size-large wp-image-1880\" src=\"https:\/\/www.cabinetmarechaux.com\/wp-content\/uploads\/2020\/02\/Melin-001-682x1024.jpeg\" alt=\"\" width=\"682\" height=\"1024\" srcset=\"https:\/\/www.cabinetmarechaux.com\/wp-content\/uploads\/2020\/02\/Melin-001-682x1024.jpeg 682w, https:\/\/www.cabinetmarechaux.com\/wp-content\/uploads\/2020\/02\/Melin-001-200x300.jpeg 200w, https:\/\/www.cabinetmarechaux.com\/wp-content\/uploads\/2020\/02\/Melin-001-768x1152.jpeg 768w, https:\/\/www.cabinetmarechaux.com\/wp-content\/uploads\/2020\/02\/Melin-001.jpeg 853w\" sizes=\"auto, (max-width: 682px) 100vw, 682px\" \/> <img loading=\"lazy\" decoding=\"async\" class=\"alignleft size-large wp-image-1881\" src=\"https:\/\/www.cabinetmarechaux.com\/wp-content\/uploads\/2020\/02\/Melin-137-1024x682.jpeg\" alt=\"\" width=\"697\" height=\"464\" srcset=\"https:\/\/www.cabinetmarechaux.com\/wp-content\/uploads\/2020\/02\/Melin-137-1024x682.jpeg 1024w, https:\/\/www.cabinetmarechaux.com\/wp-content\/uploads\/2020\/02\/Melin-137-300x200.jpeg 300w, https:\/\/www.cabinetmarechaux.com\/wp-content\/uploads\/2020\/02\/Melin-137-768x512.jpeg 768w, https:\/\/www.cabinetmarechaux.com\/wp-content\/uploads\/2020\/02\/Melin-137-330x220.jpeg 330w, https:\/\/www.cabinetmarechaux.com\/wp-content\/uploads\/2020\/02\/Melin-137.jpeg 1280w\" sizes=\"auto, (max-width: 697px) 100vw, 697px\" \/> <img loading=\"lazy\" decoding=\"async\" class=\"alignleft size-large wp-image-1883\" src=\"https:\/\/www.cabinetmarechaux.com\/wp-content\/uploads\/2020\/02\/Melin-120-445x1024.jpeg\" alt=\"\" width=\"445\" height=\"1024\" srcset=\"https:\/\/www.cabinetmarechaux.com\/wp-content\/uploads\/2020\/02\/Melin-120-445x1024.jpeg 445w, https:\/\/www.cabinetmarechaux.com\/wp-content\/uploads\/2020\/02\/Melin-120-130x300.jpeg 130w, https:\/\/www.cabinetmarechaux.com\/wp-content\/uploads\/2020\/02\/Melin-120.jpeg 556w\" sizes=\"auto, (max-width: 445px) 100vw, 445px\" \/> <img loading=\"lazy\" decoding=\"async\" class=\"alignleft size-large wp-image-1884\" src=\"https:\/\/www.cabinetmarechaux.com\/wp-content\/uploads\/2020\/02\/Melin-032-1024x682.jpeg\" alt=\"\" width=\"697\" height=\"464\" srcset=\"https:\/\/www.cabinetmarechaux.com\/wp-content\/uploads\/2020\/02\/Melin-032-1024x682.jpeg 1024w, https:\/\/www.cabinetmarechaux.com\/wp-content\/uploads\/2020\/02\/Melin-032-300x200.jpeg 300w, https:\/\/www.cabinetmarechaux.com\/wp-content\/uploads\/2020\/02\/Melin-032-768x512.jpeg 768w, https:\/\/www.cabinetmarechaux.com\/wp-content\/uploads\/2020\/02\/Melin-032-330x220.jpeg 330w, https:\/\/www.cabinetmarechaux.com\/wp-content\/uploads\/2020\/02\/Melin-032.jpeg 1280w\" sizes=\"auto, (max-width: 697px) 100vw, 697px\" \/><\/p>","excerpt":"","slug":"corbeil-essonnes-camper-dabernat","image":{"url":"https:\/\/www.cabinetmarechaux.com\/wp-content\/uploads\/2020\/02\/Melin-135.jpeg","id":1882,"extension":"jpeg","width":961,"height":1006,"sizes":{"medium":{"width":287,"height":300,"mime-type":"image\/jpeg","url":"https:\/\/www.cabinetmarechaux.com\/wp-content\/uploads\/2020\/02\/Melin-135-287x300.jpeg"},"thumbnail":{"width":150,"height":150,"mime-type":"image\/jpeg","url":"https:\/\/www.cabinetmarechaux.com\/wp-content\/uploads\/2020\/02\/Melin-135-150x150.jpeg"},"medium_large":{"width":768,"height":804,"mime-type":"image\/jpeg","url":"https:\/\/www.cabinetmarechaux.com\/wp-content\/uploads\/2020\/02\/Melin-135-768x804.jpeg"},"activello-featured":{"width":961,"height":550,"mime-type":"image\/jpeg","url":"https:\/\/www.cabinetmarechaux.com\/wp-content\/uploads\/2020\/02\/Melin-135-961x550.jpeg"},"activello-slider":{"width":961,"height":550,"mime-type":"image\/jpeg","url":"https:\/\/www.cabinetmarechaux.com\/wp-content\/uploads\/2020\/02\/Melin-135-961x550.jpeg"},"activello-thumbnail":{"width":330,"height":220,"mime-type":"image\/jpeg","url":"https:\/\/www.cabinetmarechaux.com\/wp-content\/uploads\/2020\/02\/Melin-135-330x220.jpeg"},"activello-medium":{"width":640,"height":480,"mime-type":"image\/jpeg","url":"https:\/\/www.cabinetmarechaux.com\/wp-content\/uploads\/2020\/02\/Melin-135-640x480.jpeg"},"activello-big":{"width":710,"height":335,"mime-type":"image\/jpeg","url":"https:\/\/www.cabinetmarechaux.com\/wp-content\/uploads\/2020\/02\/Melin-135-710x335.jpeg"}}},"all_day":true,"start_date":"2020-03-07 00:00:00","start_date_details":{"year":"2020","month":"03","day":"07","hour":"00","minutes":"00","seconds":"00"},"end_date":"2020-03-07 23:59:59","end_date_details":{"year":"2020","month":"03","day":"07","hour":"23","minutes":"59","seconds":"59"},"utc_start_date":"2020-03-06 23:00:00","utc_start_date_details":{"year":"2020","month":"03","day":"06","hour":"23","minutes":"00","seconds":"00"},"utc_end_date":"2020-03-07 22:59:59","utc_end_date_details":{"year":"2020","month":"03","day":"07","hour":"22","minutes":"59","seconds":"59"},"timezone":"Europe\/Paris","timezone_abbr":"CET","cost":"","cost_details":{"currency_symbol":"","currency_code":"","currency_position":"suffix","values":[]},"website":"www.interencheres.com\/91002","show_map":true,"show_map_link":true,"hide_from_listings":false,"sticky":false,"featured":false,"categories":[{"name":"Ventes \u00e0 venir","slug":"ventes","term_group":0,"term_taxonomy_id":10,"taxonomy":"tribe_events_cat","description":"","parent":0,"count":462,"filter":"raw","id":10,"urls":{"self":"https:\/\/www.cabinetmarechaux.com\/index.php\/wp-json\/tribe\/events\/v1\/categories\/10","collection":"https:\/\/www.cabinetmarechaux.com\/index.php\/wp-json\/tribe\/events\/v1\/categories"}}],"tags":[],"venue":{"id":627,"author":"1","status":"publish","date":"2017-05-17 11:10:37","date_utc":"2017-05-17 09:10:37","modified":"2018-03-08 11:05:32","modified_utc":"2018-03-08 10:05:32","url":"https:\/\/www.cabinetmarechaux.com\/index.php\/lieu\/corbeille-essonnes\/","venue":"CORBEIL-ESSONNES","slug":"corbeille-essonnes","address":"10 quai de l'Essonne","city":"CORBEIL-ESSONNES","country":"France","zip":"91104","phone":"0164960308","json_ld":{"@type":"Place","name":"CORBEIL-ESSONNES","description":"","url":"","address":{"@type":"PostalAddress","streetAddress":"10 quai de l&#039;Essonne","addressLocality":"CORBEIL-ESSONNES","postalCode":"91104","addressCountry":"France"},"telephone":"0164960308","sameAs":""},"show_map":true,"show_map_link":true,"global_id":"www.cabinetmarechaux.com?id=627","global_id_lineage":["www.cabinetmarechaux.com?id=627"]},"organizer":[{"id":1887,"author":"1","status":"publish","date":"2020-02-24 12:15:06","date_utc":"2020-02-24 11:15:06","modified":"2020-02-24 12:18:05","modified_utc":"2020-02-24 11:18:05","url":"https:\/\/www.cabinetmarechaux.com\/index.php\/organisateur\/camper-dabernat\/","organizer":"CAMPER &#038; DABERNAT","slug":"camper-dabernat","json_ld":{"@type":"Person","name":"CAMPER &#038; DABERNAT","description":"","url":"","telephone":"","email":"","sameAs":""},"global_id":"www.cabinetmarechaux.com?id=1887","global_id_lineage":["www.cabinetmarechaux.com?id=1887"]}],"custom_fields":[],"json_ld":{"@context":"http:\/\/schema.org","@type":"Event","name":"CORBEIL-ESSONNES     CAMPER &#038; DABERNAT","description":"&lt;p&gt;Fran\u00e7ois MELIN( 1941-2019) \u00a0a d\u00e9but\u00e9 ses cr\u00e9ations dans les ann\u00e9es 70,\u00a0 muni de son chalumeau, il soude, il assemble des mat\u00e9riaux de r\u00e9cup\u00e9ration, pour leur donner une forme humaine ou &hellip; &lt;\/p&gt;\\n&lt;p class=&quot;link-more&quot;&gt;&lt;a href=&quot;https:\/\/www.cabinetmarechaux.com\/index.php\/event\/corbeil-essonnes-camper-dabernat\/&quot; class=&quot;more-link&quot;&gt;Lire la suite de&lt;span class=&quot;screen-reader-text&quot;&gt;\u00ab\u00a0CORBEIL-ESSONNES     CAMPER &#038; DABERNAT\u00a0\u00bb&lt;\/span&gt;&lt;\/a&gt;&lt;\/p&gt;\\n","image":"https:\/\/www.cabinetmarechaux.com\/wp-content\/uploads\/2020\/02\/Melin-135.jpeg","url":"https:\/\/www.cabinetmarechaux.com\/index.php\/event\/corbeil-essonnes-camper-dabernat\/","eventAttendanceMode":"https:\/\/schema.org\/OfflineEventAttendanceMode","eventStatus":"https:\/\/schema.org\/EventScheduled","startDate":"2020-03-07T00:00:00+01:00","endDate":"2020-03-07T23:59:59+01:00","location":{"@type":"Place","name":"CORBEIL-ESSONNES","description":"","url":"","address":{"@type":"PostalAddress","streetAddress":"10 quai de l&#039;Essonne","addressLocality":"CORBEIL-ESSONNES","postalCode":"91104","addressCountry":"France"},"telephone":"0164960308","sameAs":""},"organizer":{"@type":"Person","name":"CAMPER &#038; DABERNAT","description":"","url":"","telephone":"","email":"","sameAs":""},"performer":"Organization"}}