{"id":2064,"global_id":"www.cabinetmarechaux.com?id=2064","global_id_lineage":["www.cabinetmarechaux.com?id=2064"],"author":"1","status":"publish","date":"2020-11-19 11:12:18","date_utc":"2020-11-19 10:12:18","modified":"2020-11-19 12:04:44","modified_utc":"2020-11-19 11:04:44","url":"https:\/\/www.cabinetmarechaux.com\/index.php\/event\/versailles-osenat\/","rest_url":"https:\/\/www.cabinetmarechaux.com\/index.php\/wp-json\/tribe\/events\/v1\/events\/2064","title":"Versailles Osenat","description":"<p>Vente \u00e0 huis clos<\/p>\n<p>&nbsp;<\/p>\n<div id=\"7707\">\n\t<div id=\"gallery_master_main_container_7707\" class=\"gallery_master_main_container\">\n\t\t\t<style type=\"text\/css\">\n\t@import url('https:\/\/fonts.googleapis.com\/css?family=Lato%3A700');\r\n@import url('https:\/\/fonts.googleapis.com\/css?family=Lato%3A300');\r\n@import url('https:\/\/fonts.googleapis.com\/css?family=Lato%3A700');\r\n@import url('https:\/\/fonts.googleapis.com\/css?family=Lato%3A300');\r\n\t\t#gallery_master_main_container_7707\t\t{\n\t\t\tdirection: ltr !important;\n\t\t}\n\t\t.gb-filter-holder_7707\t\t{\n\t\t\ttext-align: left;\n\t\t}\n\t\t.ux_div_empty_search_results_7707\t\t{\n\t\t\tdisplay:none;\n\t\t\ttext-align:center !important;\n\t\t\tclear:both !important;\n\t\t}\n\t\t\t\t\t#gallery_master_main_container_7707\t\t\t\t{\n\t\t\t\t\tmax-width: 1040px !important;\n\t\t\t\ttext-align: left !important;\t\t\t\t}\n\t\t\t\t#gallery_title_container_7707 h2\t\t\t\t{\n\t\t\t\t\tline-height: 1.7 !important;\n\t\t\t\t\ttext-align: left!important;\n\t\t\t\t\tfont-size: 20px !important;\n\t\t\t\t\tcolor: #000000 !important;\n\t\t\t\t\tmargin: 10px 0px 10px 0px !important;\n\t\t\t\t\tpadding: 10px 0px 10px 0px !important;\n\t\t\t\t\tfont-family: 'Lato' !important;\r\n\tfont-weight: 700 !important;\t\t\t\t}\n\t\t\t\t#gallery_desc_container_7707 h3\t\t\t\t{\n\t\t\t\t\tline-height: 1.7 !important;\n\t\t\t\t\ttext-align: left !important;\n\t\t\t\t\tfont-size: 16px !important;\n\t\t\t\t\tcolor: #787D85 !important;\n\t\t\t\t\tmargin: 10px 0px 10px 0px !important;\n\t\t\t\t\tpadding: 0px 0px 10px 0px !important;\n\t\t\t\t\tfont-family: 'Lato' !important;\r\n\tfont-weight: 300 !important;\t\t\t\t}\n\t\t\t\t.masonry_grid_layout_container\n\t\t\t\t{\n\t\t\t\t\tclear:both !important;\n\t\t\t\t}\n\t\t\t\t.masonry_grid_wrapper_item\n\t\t\t\t{\n\t\t\t\t\t\t\t\t\t\tbackground: rgba(235,232,235,0.5) !important;\n\t\t\t\t\t\t\t\t\t\tmargin: 10px 10px 0px 0px !important;\n\t\t\t\t\tpadding: 0px 0px 0px 0px !important;\n\t\t\t\t\toverflow: hidden !important;\n\t\t\t\t\tbox-shadow: 0px 0px 0px 0px #000000!important;\n\t\t\t\t\t-webkit-box-shadow: 0px 0px 0px 0px #000000!important;\n\t\t\t\t\t-moz-box-shadow: 0px 0px 0px 0px #000000!important;\n\t\t\t\t}\n\t\t\t\t.masonry_grid_item_image_7707\t\t\t\t{\n\t\t\t\t\twidth: 250px !important;\n\t\t\t\t\topacity: 1 !important;\n\t\t\t\t}\n\t\t\t\t.masonry_grid_item_image_7707:hover\n\t\t\t\t{\n\t\t\t\t\ttransition: 1s !important;\n\t\t\t\t\ttransform: none !important;\n\t\t\t\t\t-ms-filter: none !important;\n\t\t\t\t\t-o-filter: none !important;\n\t\t\t\t\tfilter: none !important;\n\t\t\t\t\t-moz-filter: none !important;\n\t\t\t\t\t-webkit-filter: none !important;\n\t\t\t\t}\n\t\t\t\t.masonry_grid_item_image_7707 img\n\t\t\t\t{\n\t\t\t\t\tborder: 0px solid #cccccc !important;\n\t\t\t\t\tborder-radius: 0px !important;\n\t\t\t\t\t-webkit-border-radius: 0px !important;\n\t\t\t\t\t-moz-border-radius: 0px !important;\n\t\t\t\t\twidth: 250px !important;\n\t\t\t\t}\n\t\t\t\t.masonry_grid_content_item\n\t\t\t\t{\n\t\t\t\t\twidth: 250px !important;\n\t\t\t\t}\n\t\t\t\t.masonry_grid_single_text_title h3\t\t\t\t{\n\t\t\t\t\tline-height: 1.7 !important;\n\t\t\t\t\ttext-align: left !important;\n\t\t\t\t\tfont-size: 14px !important;\n\t\t\t\t\tcolor: #787D85 !important;\n\t\t\t\t\tmargin: 0px 5px 0px 5px !important;\n\t\t\t\t\tpadding: 10px 10px 10px 10px !important;\n\t\t\t\t\tfont-family: 'Lato' !important;\r\n\tfont-weight: 700 !important;\t\t\t\t}\n\t\t\t\t.masonry_grid_single_text_desc p\t\t\t\t{\n\t\t\t\t\tline-height: 1.7 !important;\n\t\t\t\t\ttext-align: left !important;\n\t\t\t\t\tfont-size: 12px !important;\n\t\t\t\t\tcolor: #787D85 !important;\n\t\t\t\t\tmargin: 0px 5px 0px 5px !important;\n\t\t\t\t\tpadding: 5px 10px 10px 5px !important;\n\t\t\t\t\tfont-family: 'Lato' !important;\r\n\tfont-weight: 300 !important;\t\t\t\t}\n\t\t\t\t\t\t\t\t.fbx-caption\n\t\t\t\t{\n\t\t\t\t\ttext-align: left !important;\n\t\t\t\t\tborder-bottom-left-radius: 5px !important;\n\t\t\t\t\tborder-bottom-right-radius: 5px !important;\n\t\t\t\t}\n\t\t\t\t.fbx-caption-title h2\t\t\t\t{\n\t\t\t\t\tline-height: 1.7em !important;\n\t\t\t\t\tdisplay: block!important;\n\t\t\t\t\ttext-align: left !important;\n\t\t\t\t\tfont-size: 16px !important;\n\t\t\t\t\tcolor : #ffffff !important;\n\t\t\t\t\tmargin: 10px 0px 10px 0px !important;\n\t\t\t\t\tpadding: 10px 10px 10px 10px !important;\n\t\t\t\t\tfont-family: 'Lato' !important;\r\n\tfont-weight: 700 !important;\t\t\t\t}\n\t\t\t\t.fbx-caption-desc h3\t\t\t\t{\n\t\t\t\t\tline-height: 1.7em !important;\n\t\t\t\t\tdisplay: block!important;\n\t\t\t\t\ttext-align: left !important;\n\t\t\t\t\tfont-size: 14px !important;\n\t\t\t\t\tcolor : #ffffff !important;\n\t\t\t\t\tmargin: 5px 0px 5px 0px !important;\n\t\t\t\t\tpadding: 20px 10px 10px 10px !important;\n\t\t\t\t\tfont-family: 'Lato' !important;\r\n\tfont-weight: 300 !important;\t\t\t\t}\n\t\t\t\t.fbx-modal\n\t\t\t\t{\n\t\t\t\t\t\t\t\t\t\tbackground-color: rgba(0,0,0,0.75) !important;\n\t\t\t\t\t\t\t\t\t}\n\t\t\t\t.fbx-inner\n\t\t\t\t{\n\t\t\t\t\tborder: 5px solid #ffffff !important;\n\t\t\t\t\t-webkit-border-radius: 5px !important;\n\t\t\t\t\t-moz-border-radius: 5px !important;\n\t\t\t\t\tborder-radius: 5px !important;\n\t\t\t\t}\n\t\t\t\t.fbx-item-image\n\t\t\t\t{\n\t\t\t\t\t-webkit-border-radius: 5px !important;\n\t\t\t\t\t-moz-border-radius: 5px !important;\n\t\t\t\t\tborder-radius: 5px !important;\n\t\t\t\t}\n\t\t\t\t\t<\/style>\n\t\t\t\t\t\t<div id=\"gallery_title_container_7707\" class=\"gallery_title_container\">\n\t\t\t\t\t\t<h2>\n\t\t\t\t\t\t\tVersailles\t\t\t\t\t\t<\/h2>\n\t\t\t\t\t<\/div>\n\t\t\t\t\t<script type=\"text\/javascript\">\n\tvar ajaxurl = \"https:\/\/www.cabinetmarechaux.com\/wp-admin\/admin-ajax.php\";\n\tvar global_options_right_click_protection = \"disable\";\n\tvar animation_effect = \"fadeIn\";\n\n\tif (typeof (call_gallery_master_layout_type_7707) !== \"function\")\n\t{\n\t\t\/**\n\t\t* This function is used for Layouts.\n\t\t*\/\n\t\tfunction call_gallery_master_layout_type_7707()\n\t\t{\n\t\t\t\t\t\t\t\t\tif (jQuery(\".masonry_grid_layout_container\").data('isotope'))\n\t\t\t\t\t\t{\n\t\t\t\t\t\t\tjQuery(\".masonry_grid_layout_container\").isotope('destroy');\n\t\t\t\t\t\t}\n\t\t\t\t\t\tjQuery(\".masonry_grid_layout_container\").imagesLoaded(function ()\n\t\t\t\t\t\t{\n\t\t\t\t\t\t\tjQuery(\".masonry_grid_layout_container\").isotope\n\t\t\t\t\t\t\t({\n\t\t\t\t\t\t\t\titemSelector: \".masonry_grid_wrapper_item\",\n\t\t\t\t\t\t\t\tlayoutMode: 'masonry',\n\t\t\t\t\t\t\t\tpercentPosition: true\n\t\t\t\t\t\t\t});\n\t\t\t\t\t\t\tjQuery(\".gm_animate\").scrolla_gb();\n\t\t\t\t\t\t});\n\t\t\t\t\t\t\t\t}\n\t}\n\tif (typeof (call_gallery_master_lightbox_7707) !== \"function\")\n\t{\n\t\t\/**\n\t\t* This function is used for Lightboxes.\n\t\t*\n\t\t* @param string lightbox_type .\n\t\t*\n\t\t*\/\n\t\tfunction call_gallery_master_lightbox_7707(lightbox_type)\n\t\t{\n\t\t\tswitch (lightbox_type)\n\t\t\t{\n\t\t\t\tcase \"foo_box_free_edition\":\n\t\t\t\t\t\t\t\t\t\t\tvar showCount_settings = true;\n\t\t\t\t\t\tvar closeOnOverlayClick = false;\n\t\t\t\t\t\tvar hideScrollbars = false;\n\t\t\t\t\t\tvar onlyShowOnHover = false;\n\t\t\t\t\t\t(function (FOOBOX, $)\n\t\t\t\t\t\t{\n\t\t\t\t\t\t\tFOOBOX.init = function () {\n\t\t\t\t\t\t\t\tFOOBOX.o = {\n\t\t\t\t\t\t\t\t\tshowCount: showCount_settings,\n\t\t\t\t\t\t\t\t\tcloseOnOverlayClick: closeOnOverlayClick,\n\t\t\t\t\t\t\t\t\thideScrollbars: hideScrollbars,\n\t\t\t\t\t\t\t\t\tcaptions:\n\t\t\t\t\t\t\t\t\t{\n\t\t\t\t\t\t\t\t\t\tonlyShowOnHover: onlyShowOnHover,\n\t\t\t\t\t\t\t\t\t\toverrideTitle: true,\n\t\t\t\t\t\t\t\t\t\ttitleSource: 'anchor',\n\t\t\t\t\t\t\t\t\t\toverrideDesc: true,\n\t\t\t\t\t\t\t\t\t\tdescSource: 'anchor'\n\t\t\t\t\t\t\t\t\t}\n\t\t\t\t\t\t\t\t};\n\t\t\t\t\t\t\t\t$(\".foobox\").foobox(FOOBOX.o);\n\t\t\t\t\t\t\t};\n\t\t\t\t\t\t}(window.FOOBOX = window.FOOBOX || {}, jQuery));\n\t\t\t\t\t\tjQuery(function ($)\n\t\t\t\t\t\t{\n\t\t\t\t\t\t\tFOOBOX.init();\n\t\t\t\t\t\t});\n\t\t\t\t\t\t\t\t\t\t\tbreak;\n\t\t\t}\n\t\t}\n\t}\n\tjQuery(document).ready(function ()\n\t{\n\t\tif (animation_effect !== \"none\")\n\t\t{\n\t\t\tjQuery(\".gm_animate\").scrolla_gb();\n\t\t}\n\t\tif (global_options_right_click_protection === \"enable\") {\n\t\t\tjQuery(\"#gallery_master_main_container_7707\").on(\"contextmenu\", function (e)\n\t\t\t{\n\t\t\t\treturn false;\n\t\t\t});\n\t\t}\n\t\tcall_gallery_master_layout_type_7707();\n\t\tcall_gallery_master_lightbox_7707(\"foo_box_free_edition\");\n});\n<\/script>\n\t\t\t\t<div id=\"grid_layout_container_7707\">\n\t\t\t\t<div id=\"control_container_7707\" class=\"masonry_grid_layout_container\">\n\t\t\t\t\t<div id=\"grid_wrapper_item_7707_338\" class=\"masonry_grid_wrapper_item gm_animate\" data-animate=\"fadeIn\"  data-duration=\"1.0s\" data-delay=\"0.1s\" data-offset=\"100\">\n\t\t\t\t\t<div id=\"grid_item_image_7707_338\" class=\"masonry_grid_item_image_7707 \">\n\t\t\t\t\t\t\t\t\t\t\t\t\t\t\t\t\t<a href=\"https:\/\/www.cabinetmarechaux.com\/wp-content\/gallery-master\/original-images\/IMG_2883.jpeg\" class=\"foobox\" target=\"\" rel=\"foobox_gallery_7707\"  data-caption-title=\"&lt;h2&gt;Pierre BONNARD 1867-1947&lt;\/h2&gt;\" data-caption-desc=\"&lt;h3&gt;Enfants solfiant, Charles et Jean Terrasse, vers 1900\r\nHuile sur carton maroufl\u00e9 sur panneau\r\nSign\u00e9 et dat\u00e9 1900 en haut \u00e0 gauche\r\n44,5 x 53,5 cm\r\n\r\nBibliographie : \r\nDauberville Jean et Henri, Bonnard, catalogue raisonn\u00e9 de l\u2019oeuvre peint, \u00e9d. Bernheim Jeune, Paris, 1966-1992, d\u00e9crit et reproduit sous le n\u00b0208, p.221 du Tome V (Tome 1 r\u00e9vis\u00e9 et augment\u00e9)\r\n\r\nTerrasse Antoine, Bonnard la couleur agit, ed. Gallimard, Paris, 1999, reproduit p. 38 et d\u00e9crit p.138\r\n\r\nOsenat, Bonnard, collection Antoine Terrasse, vente 29 mars 2015, Fontainebleau, n\u00b034, reproduit p. 68\r\n\r\nExposition : \r\nPierre Bonnard, Mus\u00e9e Maillol, Paris, 31 mai-9 octobre 2000, n\u00b021\r\n\r\nProvenance : ancienne collection Fabre, Marseille\r\n&lt;\/h3&gt;\">\n\t\t\t\t\t\t\t\t\t\t\t\t\t\t\t\t<img decoding=\"async\" src=\"https:\/\/www.cabinetmarechaux.com\/wp-content\/gallery-master\/thumbs-non-cropped\/IMG_2883.jpeg\" alt=\"Pierre Bonnard\" image_full_path=\"https:\/\/www.cabinetmarechaux.com\/wp-content\/gallery-master\/original-images\/IMG_2883.jpeg\"  id=\"ux_gm_file_7707_338\" name=\"ux_gm_file\" \/>\n\t\t\t\t\t<\/a>\n\t\t\t\t<\/div>\n\t\t\t\t\t\t\t\t\t<div id=\"grid_content_item\" class=\"masonry_grid_content_item\">\n\t\t\t\t\t\t\t\t\t\t\t\t\t<div id=\"grid_single_text_title_7707_338\" class=\"masonry_grid_single_text_title\">\n\t\t\t\t\t\t\t\t<h3>\n\t\t\t\t\t\t\t\tPierre BONNARD 1867-1947\t\t\t\t\t\t\t\t<\/h3>\n\t\t\t\t\t\t\t<\/div>\n\t\t\t\t\t\t\t\t\t\t\t\t\t<div id=\"grid_single_text_desc_7707_338\" class=\"masonry_grid_single_text_desc\">\n\t\t\t\t\t\t\t<p>\n\t\t\t\t\t\t\tEnfants solfiant, Charles et Jean Terrasse, vers 1900\r\nHuile sur carton maroufl\u00e9 sur panneau\r\nSign\u00e9 et dat\u00e9 1900 en haut \u00e0 gauche\r\n44,5 x 53,5 cm\r\n\r\nBibliographie : \r\nDauberville Jean et Henri, Bonnard, catalogue raisonn\u00e9 de l\u2019oeuvre peint, \u00e9d. Bernheim Jeune, Paris, 1966-1992, d\u00e9crit et reproduit sous le n\u00b0208, p.221 du Tome V (Tome 1 r\u00e9vis\u00e9 et augment\u00e9)\r\n\r\nTerrasse Antoine, Bonnard la couleur agit, ed. Gallimard, Paris, 1999, reproduit p. 38 et d\u00e9crit p.138\r\n\r\nOsenat, Bonnard, collection Antoine Terrasse, vente 29 mars 2015, Fontainebleau, n\u00b034, reproduit p. 68\r\n\r\nExposition : \r\nPierre Bonnard, Mus\u00e9e Maillol, Paris, 31 mai-9 octobre 2000, n\u00b021\r\n\r\nProvenance : ancienne collection Fabre, Marseille\r\n\t\t\t\t\t\t\t<\/p>\n\t\t\t\t\t\t<\/div>\n\t\t\t\t\t\t\t\t\t\t\t\t<\/div>\n\t\t\t\t\t\t\t\t<\/div>\n\t\t\t\t\t\t\t\t<div id=\"grid_wrapper_item_7707_339\" class=\"masonry_grid_wrapper_item gm_animate\" data-animate=\"fadeIn\"  data-duration=\"1.0s\" data-delay=\"0.1s\" data-offset=\"100\">\n\t\t\t\t\t<div id=\"grid_item_image_7707_339\" class=\"masonry_grid_item_image_7707 \">\n\t\t\t\t\t\t\t\t\t\t\t\t\t\t\t\t\t<a href=\"https:\/\/www.cabinetmarechaux.com\/wp-content\/gallery-master\/original-images\/IMG_2877.jpeg\" class=\"foobox\" target=\"\" rel=\"foobox_gallery_7707\"  data-caption-title=\"&lt;h2&gt;Pierre BONNARD 1867-1947&lt;\/h2&gt;\" data-caption-desc=\"&lt;h3&gt;Portrait de femme (Ren\u00e9e Monchaty), vers 1920\r\nHuile sur toile\r\nSign\u00e9 en haut, \u00e0 droite\r\n43 x 34 cm\r\n\r\nBibliographie : \r\nDauberville Jean et Henri, Bonnard, catalogue raisonn\u00e9 de l\u2019oeuvre peint, \u00e9d. Bernheim Jeune, Paris, 1973, d\u00e9crit et reproduit sous le n\u00b01036, p 62. du Tome III (Tome 1 r\u00e9vis\u00e9 et augment\u00e9)\r\n\r\nTerrasse Antoine, Bonnard la couleur agit, ed. Gallimard, Paris, 1999, reproduit p. 76 \r\n\r\nConnaissance des Arts, Hors-s\u00e9rie, Bonnard en Normandie, 2011, reproduit p.8\r\n\r\nOsenat, Bonnard, collection Antoine Terrasse, vente 29 mars 2015, Fontainebleau, n\u00b065, reproduit p. 113\r\n\r\nExpositions : \r\nPierre Bonnard, Galerie Schmit, Paris, 3 mai-12 juillet 1995, n\u00b032\r\nBonnard en Normandie, Mus\u00e9e des Impressionnistes, Giverny, 1er avril-3 Juillet 2011, n\u00b03, reproduit p. 46\r\n\r\nProvenance : \r\nAcquis par Bernheim Jeune en 1922 \u00e0 l\u2019artiste puis vendu \u00e0 Laroche&lt;\/h3&gt;\">\n\t\t\t\t\t\t\t\t\t\t\t\t\t\t\t\t<img decoding=\"async\" src=\"https:\/\/www.cabinetmarechaux.com\/wp-content\/gallery-master\/thumbs-non-cropped\/IMG_2877.jpeg\" alt=\"Pierre Bonnard\" image_full_path=\"https:\/\/www.cabinetmarechaux.com\/wp-content\/gallery-master\/original-images\/IMG_2877.jpeg\"  id=\"ux_gm_file_7707_339\" name=\"ux_gm_file\" \/>\n\t\t\t\t\t<\/a>\n\t\t\t\t<\/div>\n\t\t\t\t\t\t\t\t\t<div id=\"grid_content_item\" class=\"masonry_grid_content_item\">\n\t\t\t\t\t\t\t\t\t\t\t\t\t<div id=\"grid_single_text_title_7707_339\" class=\"masonry_grid_single_text_title\">\n\t\t\t\t\t\t\t\t<h3>\n\t\t\t\t\t\t\t\tPierre BONNARD 1867-1947\t\t\t\t\t\t\t\t<\/h3>\n\t\t\t\t\t\t\t<\/div>\n\t\t\t\t\t\t\t\t\t\t\t\t\t<div id=\"grid_single_text_desc_7707_339\" class=\"masonry_grid_single_text_desc\">\n\t\t\t\t\t\t\t<p>\n\t\t\t\t\t\t\tPortrait de femme (Ren\u00e9e Monchaty), vers 1920\r\nHuile sur toile\r\nSign\u00e9 en haut, \u00e0 droite\r\n43 x 34 cm\r\n\r\nBibliographie : \r\nDauberville Jean et Henri, Bonnard, catalogue raisonn\u00e9 de l\u2019oeuvre peint, \u00e9d. Bernheim Jeune, Paris, 1973, d\u00e9crit et reproduit sous le n\u00b01036, p 62. du Tome III (Tome 1 r\u00e9vis\u00e9 et augment\u00e9)\r\n\r\nTerrasse Antoine, Bonnard la couleur agit, ed. Gallimard, Paris, 1999, reproduit p. 76 \r\n\r\nConnaissance des Arts, Hors-s\u00e9rie, Bonnard en Normandie, 2011, reproduit p.8\r\n\r\nOsenat, Bonnard, collection Antoine Terrasse, vente 29 mars 2015, Fontainebleau, n\u00b065, reproduit p. 113\r\n\r\nExpositions : \r\nPierre Bonnard, Galerie Schmit, Paris, 3 mai-12 juillet 1995, n\u00b032\r\nBonnard en Normandie, Mus\u00e9e des Impressionnistes, Giverny, 1er avril-3 Juillet 2011, n\u00b03, reproduit p. 46\r\n\r\nProvenance : \r\nAcquis par Bernheim Jeune en 1922 \u00e0 l\u2019artiste puis vendu \u00e0 Laroche\t\t\t\t\t\t\t<\/p>\n\t\t\t\t\t\t<\/div>\n\t\t\t\t\t\t\t\t\t\t\t\t<\/div>\n\t\t\t\t\t\t\t\t<\/div>\n\t\t\t\t\t\t\t\t<div id=\"grid_wrapper_item_7707_340\" class=\"masonry_grid_wrapper_item gm_animate\" data-animate=\"fadeIn\"  data-duration=\"1.0s\" data-delay=\"0.1s\" data-offset=\"100\">\n\t\t\t\t\t<div id=\"grid_item_image_7707_340\" class=\"masonry_grid_item_image_7707 \">\n\t\t\t\t\t\t\t\t\t\t\t\t\t\t\t\t\t<a href=\"https:\/\/www.cabinetmarechaux.com\/wp-content\/gallery-master\/original-images\/IMG_2882.jpeg\" class=\"foobox\" target=\"\" rel=\"foobox_gallery_7707\"  data-caption-title=\"&lt;h2&gt;Louis ICART 1888-1950&lt;\/h2&gt;\" data-caption-desc=\"&lt;h3&gt;Blanc et noir\r\nHuile sur panneau d&#039;isorel\r\nSign\u00e9 en bas \u00e0 gauche, titr\u00e9 au verso XIII 3\r\n61 x 50 cm\r\n&lt;\/h3&gt;\">\n\t\t\t\t\t\t\t\t\t\t\t\t\t\t\t\t<img decoding=\"async\" src=\"https:\/\/www.cabinetmarechaux.com\/wp-content\/gallery-master\/thumbs-non-cropped\/IMG_2882.jpeg\" alt=\"Louis Icart\" image_full_path=\"https:\/\/www.cabinetmarechaux.com\/wp-content\/gallery-master\/original-images\/IMG_2882.jpeg\"  id=\"ux_gm_file_7707_340\" name=\"ux_gm_file\" \/>\n\t\t\t\t\t<\/a>\n\t\t\t\t<\/div>\n\t\t\t\t\t\t\t\t\t<div id=\"grid_content_item\" class=\"masonry_grid_content_item\">\n\t\t\t\t\t\t\t\t\t\t\t\t\t<div id=\"grid_single_text_title_7707_340\" class=\"masonry_grid_single_text_title\">\n\t\t\t\t\t\t\t\t<h3>\n\t\t\t\t\t\t\t\tLouis ICART 1888-1950\t\t\t\t\t\t\t\t<\/h3>\n\t\t\t\t\t\t\t<\/div>\n\t\t\t\t\t\t\t\t\t\t\t\t\t<div id=\"grid_single_text_desc_7707_340\" class=\"masonry_grid_single_text_desc\">\n\t\t\t\t\t\t\t<p>\n\t\t\t\t\t\t\tBlanc et noir\r\nHuile sur panneau d&#039;isorel\r\nSign\u00e9 en bas \u00e0 gauche, titr\u00e9 au verso XIII 3\r\n61 x 50 cm\r\n\t\t\t\t\t\t\t<\/p>\n\t\t\t\t\t\t<\/div>\n\t\t\t\t\t\t\t\t\t\t\t\t<\/div>\n\t\t\t\t\t\t\t\t<\/div>\n\t\t\t\t\t\t\t\t<div id=\"grid_wrapper_item_7707_341\" class=\"masonry_grid_wrapper_item gm_animate\" data-animate=\"fadeIn\"  data-duration=\"1.0s\" data-delay=\"0.1s\" data-offset=\"100\">\n\t\t\t\t\t<div id=\"grid_item_image_7707_341\" class=\"masonry_grid_item_image_7707 \">\n\t\t\t\t\t\t\t\t\t\t\t\t\t\t\t\t\t<a href=\"https:\/\/www.cabinetmarechaux.com\/wp-content\/gallery-master\/original-images\/IMG_2879.jpeg\" class=\"foobox\" target=\"\" rel=\"foobox_gallery_7707\"  data-caption-title=\"&lt;h2&gt;Louis ICART 1888-1950&lt;\/h2&gt;\" data-caption-desc=\"&lt;h3&gt;Les cygnes de Malmaison\r\nHuile sur toile\r\nSign\u00e9 en bas, \u00e0 gauche, titr\u00e9,\r\ndat\u00e9 XIII-2, sign\u00e9 des initiales, dat\u00e9 02 et situ\u00e9 Paris au verso\r\n61 x 46 cm\r\n&lt;\/h3&gt;\">\n\t\t\t\t\t\t\t\t\t\t\t\t\t\t\t\t<img decoding=\"async\" src=\"https:\/\/www.cabinetmarechaux.com\/wp-content\/gallery-master\/thumbs-non-cropped\/IMG_2879.jpeg\" alt=\"Louis Icart\" image_full_path=\"https:\/\/www.cabinetmarechaux.com\/wp-content\/gallery-master\/original-images\/IMG_2879.jpeg\"  id=\"ux_gm_file_7707_341\" name=\"ux_gm_file\" \/>\n\t\t\t\t\t<\/a>\n\t\t\t\t<\/div>\n\t\t\t\t\t\t\t\t\t<div id=\"grid_content_item\" class=\"masonry_grid_content_item\">\n\t\t\t\t\t\t\t\t\t\t\t\t\t<div id=\"grid_single_text_title_7707_341\" class=\"masonry_grid_single_text_title\">\n\t\t\t\t\t\t\t\t<h3>\n\t\t\t\t\t\t\t\tLouis ICART 1888-1950\t\t\t\t\t\t\t\t<\/h3>\n\t\t\t\t\t\t\t<\/div>\n\t\t\t\t\t\t\t\t\t\t\t\t\t<div id=\"grid_single_text_desc_7707_341\" class=\"masonry_grid_single_text_desc\">\n\t\t\t\t\t\t\t<p>\n\t\t\t\t\t\t\tLes cygnes de Malmaison\r\nHuile sur toile\r\nSign\u00e9 en bas, \u00e0 gauche, titr\u00e9,\r\ndat\u00e9 XIII-2, sign\u00e9 des initiales, dat\u00e9 02 et situ\u00e9 Paris au verso\r\n61 x 46 cm\r\n\t\t\t\t\t\t\t<\/p>\n\t\t\t\t\t\t<\/div>\n\t\t\t\t\t\t\t\t\t\t\t\t<\/div>\n\t\t\t\t\t\t\t\t<\/div>\n\t\t\t\t\t\t\t\t<div id=\"grid_wrapper_item_7707_343\" class=\"masonry_grid_wrapper_item gm_animate\" data-animate=\"fadeIn\"  data-duration=\"1.0s\" data-delay=\"0.1s\" data-offset=\"100\">\n\t\t\t\t\t<div id=\"grid_item_image_7707_343\" class=\"masonry_grid_item_image_7707 \">\n\t\t\t\t\t\t\t\t\t\t\t\t\t\t\t\t\t<a href=\"https:\/\/www.cabinetmarechaux.com\/wp-content\/gallery-master\/original-images\/IMG_2798.jpeg\" class=\"foobox\" target=\"\" rel=\"foobox_gallery_7707\"  data-caption-title=\"&lt;h2&gt;Paul GAUGUIN 1848-1903&lt;\/h2&gt;\" data-caption-desc=\"&lt;h3&gt;La case - Personnages circa 1895\r\nAquarelle et dessin au crayon noir\r\n20 x 31,5 cm\r\nProvenance : Ancienne collection Daniel de Monfreid, Paris (acquis de l&#039;artiste) \r\nMme Huc de Montfreid, B\u00e9ziers \r\nA l&#039;actuel propri\u00e9taire par descendance \r\n\r\nExpositions : Tokyo, Seibu Museum; Kyoto, National Museum of Modern Art; Fukuoka, Prefectoral Museum, &quot;Paul Gauguin&quot;, juillet-d\u00e9cembre 1969, n\u00b038 reproduit Perpignan, Mus\u00e9e Rigaud, &quot;Le Roussillon terre artistique au XX\u00b0 si\u00e8cle&quot;, 1998 \r\n&lt;\/h3&gt;\">\n\t\t\t\t\t\t\t\t\t\t\t\t\t\t\t\t<img decoding=\"async\" src=\"https:\/\/www.cabinetmarechaux.com\/wp-content\/gallery-master\/thumbs-non-cropped\/IMG_2798.jpeg\" alt=\"\" image_full_path=\"https:\/\/www.cabinetmarechaux.com\/wp-content\/gallery-master\/original-images\/IMG_2798.jpeg\"  id=\"ux_gm_file_7707_343\" name=\"ux_gm_file\" \/>\n\t\t\t\t\t<\/a>\n\t\t\t\t<\/div>\n\t\t\t\t\t\t\t\t\t<div id=\"grid_content_item\" class=\"masonry_grid_content_item\">\n\t\t\t\t\t\t\t\t\t\t\t\t\t<div id=\"grid_single_text_title_7707_343\" class=\"masonry_grid_single_text_title\">\n\t\t\t\t\t\t\t\t<h3>\n\t\t\t\t\t\t\t\tPaul GAUGUIN 1848-1903\t\t\t\t\t\t\t\t<\/h3>\n\t\t\t\t\t\t\t<\/div>\n\t\t\t\t\t\t\t\t\t\t\t\t\t<div id=\"grid_single_text_desc_7707_343\" class=\"masonry_grid_single_text_desc\">\n\t\t\t\t\t\t\t<p>\n\t\t\t\t\t\t\tLa case - Personnages circa 1895\r\nAquarelle et dessin au crayon noir\r\n20 x 31,5 cm\r\nProvenance : Ancienne collection Daniel de Monfreid, Paris (acquis de l&#039;artiste) \r\nMme Huc de Montfreid, B\u00e9ziers \r\nA l&#039;actuel propri\u00e9taire par descendance \r\n\r\nExpositions : Tokyo, Seibu Museum; Kyoto, National Museum of Modern Art; Fukuoka, Prefectoral Museum, \"Paul Gauguin\", juillet-d\u00e9cembre 1969, n\u00b038 reproduit Perpignan, Mus\u00e9e Rigaud, \"Le Roussillon terre artistique au XX\u00b0 si\u00e8cle\", 1998 \r\n\t\t\t\t\t\t\t<\/p>\n\t\t\t\t\t\t<\/div>\n\t\t\t\t\t\t\t\t\t\t\t\t<\/div>\n\t\t\t\t\t\t\t\t<\/div>\n\t\t\t\t\t\t\t\t<div id=\"grid_wrapper_item_7707_344\" class=\"masonry_grid_wrapper_item gm_animate\" data-animate=\"fadeIn\"  data-duration=\"1.0s\" data-delay=\"0.1s\" data-offset=\"100\">\n\t\t\t\t\t<div id=\"grid_item_image_7707_344\" class=\"masonry_grid_item_image_7707 \">\n\t\t\t\t\t\t\t\t\t\t\t\t\t\t\t\t\t<a href=\"https:\/\/www.cabinetmarechaux.com\/wp-content\/gallery-master\/original-images\/IMG_2796-1.jpeg\" class=\"foobox\" target=\"\" rel=\"foobox_gallery_7707\"  data-caption-title=\"&lt;h2&gt;Paul GAUGUIN 1848-1903&lt;\/h2&gt;\" data-caption-desc=\"&lt;h3&gt;Deux femmes au bord d\u2019un ruisseau - \u00e9tude de personnages\r\nDessin au crayon noir double face\r\n21 x 31,20 cm\r\n\r\nProvenance : Ancienne collection Daniel de Monfreid, Paris (acquis de l&#039;artiste) \r\nMme Huc de Montfreid, B\u00e9ziers \r\nA l&#039;actuel propri\u00e9taire par descendance \r\n\r\nExpositions : Tokyo, Seibu Museum; Kyoto, National Museum of Modern Art; Fukuoka, Prefectoral Museum, &quot;Paul Gauguin&quot;, juillet-d\u00e9cembre 1969, n\u00b0 64 reproduit \r\nPerpignan, Mus\u00e9e Rigaud, &quot;Le Roussillon terre artistique au XX\u00b0 si\u00e8cle&quot;, 1998 \r\n&lt;\/h3&gt;\">\n\t\t\t\t\t\t\t\t\t\t\t\t\t\t\t\t<img decoding=\"async\" src=\"https:\/\/www.cabinetmarechaux.com\/wp-content\/gallery-master\/thumbs-non-cropped\/IMG_2796-1.jpeg\" alt=\"Paul Gauguin\" image_full_path=\"https:\/\/www.cabinetmarechaux.com\/wp-content\/gallery-master\/original-images\/IMG_2796-1.jpeg\"  id=\"ux_gm_file_7707_344\" name=\"ux_gm_file\" \/>\n\t\t\t\t\t<\/a>\n\t\t\t\t<\/div>\n\t\t\t\t\t\t\t\t\t<div id=\"grid_content_item\" class=\"masonry_grid_content_item\">\n\t\t\t\t\t\t\t\t\t\t\t\t\t<div id=\"grid_single_text_title_7707_344\" class=\"masonry_grid_single_text_title\">\n\t\t\t\t\t\t\t\t<h3>\n\t\t\t\t\t\t\t\tPaul GAUGUIN 1848-1903\t\t\t\t\t\t\t\t<\/h3>\n\t\t\t\t\t\t\t<\/div>\n\t\t\t\t\t\t\t\t\t\t\t\t\t<div id=\"grid_single_text_desc_7707_344\" class=\"masonry_grid_single_text_desc\">\n\t\t\t\t\t\t\t<p>\n\t\t\t\t\t\t\tDeux femmes au bord d\u2019un ruisseau - \u00e9tude de personnages\r\nDessin au crayon noir double face\r\n21 x 31,20 cm\r\n\r\nProvenance : Ancienne collection Daniel de Monfreid, Paris (acquis de l&#039;artiste) \r\nMme Huc de Montfreid, B\u00e9ziers \r\nA l&#039;actuel propri\u00e9taire par descendance \r\n\r\nExpositions : Tokyo, Seibu Museum; Kyoto, National Museum of Modern Art; Fukuoka, Prefectoral Museum, \"Paul Gauguin\", juillet-d\u00e9cembre 1969, n\u00b0 64 reproduit \r\nPerpignan, Mus\u00e9e Rigaud, \"Le Roussillon terre artistique au XX\u00b0 si\u00e8cle\", 1998 \r\n\t\t\t\t\t\t\t<\/p>\n\t\t\t\t\t\t<\/div>\n\t\t\t\t\t\t\t\t\t\t\t\t<\/div>\n\t\t\t\t\t\t\t\t<\/div>\n\t\t\t\t\t<\/div>\n\t\t<\/div>\n\t<\/div>\n<\/div>","excerpt":"","slug":"versailles-osenat","image":{"url":"https:\/\/www.cabinetmarechaux.com\/wp-content\/uploads\/2020\/11\/IMG_2877.jpeg","id":2068,"extension":"jpeg","width":1356,"height":1664,"sizes":{"medium":{"width":244,"height":300,"mime-type":"image\/jpeg","url":"https:\/\/www.cabinetmarechaux.com\/wp-content\/uploads\/2020\/11\/IMG_2877-244x300.jpeg"},"large":{"width":834,"height":1024,"mime-type":"image\/jpeg","url":"https:\/\/www.cabinetmarechaux.com\/wp-content\/uploads\/2020\/11\/IMG_2877-834x1024.jpeg"},"thumbnail":{"width":150,"height":150,"mime-type":"image\/jpeg","url":"https:\/\/www.cabinetmarechaux.com\/wp-content\/uploads\/2020\/11\/IMG_2877-150x150.jpeg"},"medium_large":{"width":768,"height":942,"mime-type":"image\/jpeg","url":"https:\/\/www.cabinetmarechaux.com\/wp-content\/uploads\/2020\/11\/IMG_2877-768x942.jpeg"},"1536x1536":{"width":1252,"height":1536,"mime-type":"image\/jpeg","url":"https:\/\/www.cabinetmarechaux.com\/wp-content\/uploads\/2020\/11\/IMG_2877-1252x1536.jpeg"},"activello-featured":{"width":1170,"height":550,"mime-type":"image\/jpeg","url":"https:\/\/www.cabinetmarechaux.com\/wp-content\/uploads\/2020\/11\/IMG_2877-1170x550.jpeg"},"activello-slider":{"width":1356,"height":550,"mime-type":"image\/jpeg","url":"https:\/\/www.cabinetmarechaux.com\/wp-content\/uploads\/2020\/11\/IMG_2877-1356x550.jpeg"},"activello-thumbnail":{"width":330,"height":220,"mime-type":"image\/jpeg","url":"https:\/\/www.cabinetmarechaux.com\/wp-content\/uploads\/2020\/11\/IMG_2877-330x220.jpeg"},"activello-medium":{"width":640,"height":480,"mime-type":"image\/jpeg","url":"https:\/\/www.cabinetmarechaux.com\/wp-content\/uploads\/2020\/11\/IMG_2877-640x480.jpeg"},"activello-big":{"width":710,"height":335,"mime-type":"image\/jpeg","url":"https:\/\/www.cabinetmarechaux.com\/wp-content\/uploads\/2020\/11\/IMG_2877-710x335.jpeg"}}},"all_day":true,"start_date":"2020-12-06 00:00:00","start_date_details":{"year":"2020","month":"12","day":"06","hour":"00","minutes":"00","seconds":"00"},"end_date":"2020-12-06 23:59:59","end_date_details":{"year":"2020","month":"12","day":"06","hour":"23","minutes":"59","seconds":"59"},"utc_start_date":"2020-12-05 23:00:00","utc_start_date_details":{"year":"2020","month":"12","day":"05","hour":"23","minutes":"00","seconds":"00"},"utc_end_date":"2020-12-06 22:59:59","utc_end_date_details":{"year":"2020","month":"12","day":"06","hour":"22","minutes":"59","seconds":"59"},"timezone":"Europe\/Paris","timezone_abbr":"CET","cost":"","cost_details":{"currency_symbol":"","currency_code":"","currency_position":"suffix","values":[]},"website":"","show_map":true,"show_map_link":true,"hide_from_listings":false,"sticky":false,"featured":false,"categories":[{"name":"Ventes \u00e0 venir","slug":"ventes","term_group":0,"term_taxonomy_id":10,"taxonomy":"tribe_events_cat","description":"","parent":0,"count":462,"filter":"raw","id":10,"urls":{"self":"https:\/\/www.cabinetmarechaux.com\/index.php\/wp-json\/tribe\/events\/v1\/categories\/10","collection":"https:\/\/www.cabinetmarechaux.com\/index.php\/wp-json\/tribe\/events\/v1\/categories"}}],"tags":[],"venue":{"id":1705,"author":"1","status":"publish","date":"2019-09-10 11:30:39","date_utc":"2019-09-10 09:30:39","modified":"2019-09-10 11:51:06","modified_utc":"2019-09-10 09:51:06","url":"https:\/\/www.cabinetmarechaux.com\/index.php\/lieu\/osenat\/","venue":"OSENAT","slug":"osenat","address":"H\u00f4tel des ventes du Ch\u00e2teau","city":"13 avenue du Ch\u00e2teau","country":"France","zip":"78000","json_ld":{"@type":"Place","name":"OSENAT","description":"","url":"","address":{"@type":"PostalAddress","streetAddress":"H\u00f4tel des ventes du Ch\u00e2teau","addressLocality":"13 avenue du Ch\u00e2teau","postalCode":"78000","addressCountry":"France"},"telephone":"","sameAs":""},"show_map":true,"show_map_link":true,"global_id":"www.cabinetmarechaux.com?id=1705","global_id_lineage":["www.cabinetmarechaux.com?id=1705"]},"organizer":[],"custom_fields":[],"json_ld":{"@context":"http:\/\/schema.org","@type":"Event","name":"Versailles Osenat","description":"&lt;p&gt;Vente \u00e0 huis clos &nbsp;&lt;\/p&gt;\\n","image":"https:\/\/www.cabinetmarechaux.com\/wp-content\/uploads\/2020\/11\/IMG_2877.jpeg","url":"https:\/\/www.cabinetmarechaux.com\/index.php\/event\/versailles-osenat\/","eventAttendanceMode":"https:\/\/schema.org\/OfflineEventAttendanceMode","eventStatus":"https:\/\/schema.org\/EventScheduled","startDate":"2020-12-06T00:00:00+01:00","endDate":"2020-12-06T23:59:59+01:00","location":{"@type":"Place","name":"OSENAT","description":"","url":"","address":{"@type":"PostalAddress","streetAddress":"H\u00f4tel des ventes du Ch\u00e2teau","addressLocality":"13 avenue du Ch\u00e2teau","postalCode":"78000","addressCountry":"France"},"telephone":"","sameAs":""},"performer":"Organization"}}