{"id":2430,"global_id":"www.cabinetmarechaux.com?id=2430","global_id_lineage":["www.cabinetmarechaux.com?id=2430"],"author":"1","status":"publish","date":"2021-12-13 11:22:59","date_utc":"2021-12-13 10:22:59","modified":"2021-12-17 10:10:53","modified_utc":"2021-12-17 09:10:53","url":"https:\/\/www.cabinetmarechaux.com\/index.php\/event\/carrere-laborie-pau\/","rest_url":"https:\/\/www.cabinetmarechaux.com\/index.php\/wp-json\/tribe\/events\/v1\/events\/2430","title":"CARRERE &#038; LABORIE, Pau","description":"<p><strong>Vente de prestige<\/strong><\/p>\n<p><a href=\"https:\/\/www.interencheres.com\/meubles-objets-art\/vente-de-prestige-297482\/\">https:\/\/www.interencheres.com\/meubles-objets-art\/vente-de-prestige-297482\/<\/a><\/p>\n<p><strong>Charles CAMOIN<\/strong><br \/>\nFerme dans la campagne de Saint-Tropez, circa 1964<br \/>\nHuile sur toile<br \/>\n33 x 55 cm<br \/>\nNous remercions les Archives Camoin de nous avoir pr\u00e9cis\u00e9 que cette toile \u00e9tait r\u00e9pertori\u00e9e dans ses archives et de nous en avoir donn\u00e9 la datation.<\/p>\n<p><img loading=\"lazy\" decoding=\"async\" class=\"alignleft size-medium wp-image-2432\" src=\"https:\/\/www.cabinetmarechaux.com\/wp-content\/uploads\/2021\/12\/Capture-decran-2021-12-13-a-11.21.45-234x300.png\" alt=\"\" width=\"234\" height=\"300\" srcset=\"https:\/\/www.cabinetmarechaux.com\/wp-content\/uploads\/2021\/12\/Capture-decran-2021-12-13-a-11.21.45-234x300.png 234w, https:\/\/www.cabinetmarechaux.com\/wp-content\/uploads\/2021\/12\/Capture-decran-2021-12-13-a-11.21.45-799x1024.png 799w, https:\/\/www.cabinetmarechaux.com\/wp-content\/uploads\/2021\/12\/Capture-decran-2021-12-13-a-11.21.45-768x984.png 768w, https:\/\/www.cabinetmarechaux.com\/wp-content\/uploads\/2021\/12\/Capture-decran-2021-12-13-a-11.21.45-1199x1536.png 1199w, https:\/\/www.cabinetmarechaux.com\/wp-content\/uploads\/2021\/12\/Capture-decran-2021-12-13-a-11.21.45.png 1346w\" sizes=\"auto, (max-width: 234px) 100vw, 234px\" \/><\/p>\n<p><strong>Maurice Utrillo<\/strong><br \/>\nRue anim\u00e9e au moulin, cira 1945<br \/>\nDessin au crayon noir,<\/p>\n<p>22 x 16 cm<\/p>\n<p>Nous remercions le Comit\u00e9 Utrillo de nous avoir confirm\u00e9 l&rsquo;authenticit\u00e9 de ce dessin et d&rsquo;en avoir pr\u00e9cis\u00e9 la datation lors de sa r\u00e9union du 14 d\u00e9cembre 2021.<\/p>","excerpt":"","slug":"carrere-laborie-pau","image":{"url":"https:\/\/www.cabinetmarechaux.com\/wp-content\/uploads\/2021\/12\/Capture-decran-2021-12-13-a-11.17.17.png","id":2431,"extension":"png","width":2960,"height":1736,"sizes":{"medium":{"width":300,"height":176,"mime-type":"image\/png","url":"https:\/\/www.cabinetmarechaux.com\/wp-content\/uploads\/2021\/12\/Capture-decran-2021-12-13-a-11.17.17-300x176.png"},"large":{"width":1024,"height":601,"mime-type":"image\/png","url":"https:\/\/www.cabinetmarechaux.com\/wp-content\/uploads\/2021\/12\/Capture-decran-2021-12-13-a-11.17.17-1024x601.png"},"thumbnail":{"width":150,"height":150,"mime-type":"image\/png","url":"https:\/\/www.cabinetmarechaux.com\/wp-content\/uploads\/2021\/12\/Capture-decran-2021-12-13-a-11.17.17-150x150.png"},"medium_large":{"width":768,"height":450,"mime-type":"image\/png","url":"https:\/\/www.cabinetmarechaux.com\/wp-content\/uploads\/2021\/12\/Capture-decran-2021-12-13-a-11.17.17-768x450.png"},"1536x1536":{"width":1536,"height":901,"mime-type":"image\/png","url":"https:\/\/www.cabinetmarechaux.com\/wp-content\/uploads\/2021\/12\/Capture-decran-2021-12-13-a-11.17.17-1536x901.png"},"2048x2048":{"width":2048,"height":1201,"mime-type":"image\/png","url":"https:\/\/www.cabinetmarechaux.com\/wp-content\/uploads\/2021\/12\/Capture-decran-2021-12-13-a-11.17.17-2048x1201.png"},"activello-featured":{"width":1170,"height":550,"mime-type":"image\/png","url":"https:\/\/www.cabinetmarechaux.com\/wp-content\/uploads\/2021\/12\/Capture-decran-2021-12-13-a-11.17.17-1170x550.png"},"activello-slider":{"width":1920,"height":550,"mime-type":"image\/png","url":"https:\/\/www.cabinetmarechaux.com\/wp-content\/uploads\/2021\/12\/Capture-decran-2021-12-13-a-11.17.17-1920x550.png"},"activello-thumbnail":{"width":330,"height":220,"mime-type":"image\/png","url":"https:\/\/www.cabinetmarechaux.com\/wp-content\/uploads\/2021\/12\/Capture-decran-2021-12-13-a-11.17.17-330x220.png"},"activello-medium":{"width":640,"height":480,"mime-type":"image\/png","url":"https:\/\/www.cabinetmarechaux.com\/wp-content\/uploads\/2021\/12\/Capture-decran-2021-12-13-a-11.17.17-640x480.png"},"activello-big":{"width":710,"height":335,"mime-type":"image\/png","url":"https:\/\/www.cabinetmarechaux.com\/wp-content\/uploads\/2021\/12\/Capture-decran-2021-12-13-a-11.17.17-710x335.png"}}},"all_day":true,"start_date":"2021-12-18 00:00:00","start_date_details":{"year":"2021","month":"12","day":"18","hour":"00","minutes":"00","seconds":"00"},"end_date":"2021-12-18 23:59:59","end_date_details":{"year":"2021","month":"12","day":"18","hour":"23","minutes":"59","seconds":"59"},"utc_start_date":"2021-12-17 23:00:00","utc_start_date_details":{"year":"2021","month":"12","day":"17","hour":"23","minutes":"00","seconds":"00"},"utc_end_date":"2021-12-18 22:59:59","utc_end_date_details":{"year":"2021","month":"12","day":"18","hour":"22","minutes":"59","seconds":"59"},"timezone":"Europe\/Paris","timezone_abbr":"CET","cost":"","cost_details":{"currency_symbol":"","currency_code":"","currency_position":"suffix","values":[]},"website":"","show_map":true,"show_map_link":true,"hide_from_listings":false,"sticky":false,"featured":false,"categories":[{"name":"Ventes \u00e0 venir","slug":"ventes","term_group":0,"term_taxonomy_id":10,"taxonomy":"tribe_events_cat","description":"","parent":0,"count":461,"filter":"raw","id":10,"urls":{"self":"https:\/\/www.cabinetmarechaux.com\/index.php\/wp-json\/tribe\/events\/v1\/categories\/10","collection":"https:\/\/www.cabinetmarechaux.com\/index.php\/wp-json\/tribe\/events\/v1\/categories"}}],"tags":[],"venue":{"id":545,"author":"1","status":"publish","date":"2017-03-27 11:14:27","date_utc":"2017-03-27 09:14:27","modified":"2018-09-11 11:24:21","modified_utc":"2018-09-11 09:24:21","url":"https:\/\/www.cabinetmarechaux.com\/index.php\/lieu\/hotel-des-ventes-de-pau\/","venue":"H\u00f4tel des Ventes de Pau","slug":"hotel-des-ventes-de-pau","address":"3 all\u00e9e Catherine de Bourbon","city":"PAU","country":"France","phone":"0559847272","website":"http:\/\/www.carrere-laborie.com","json_ld":{"@type":"Place","name":"H\u00f4tel des Ventes de Pau","description":"","url":"","address":{"@type":"PostalAddress","streetAddress":"3 all\u00e9e Catherine de Bourbon","addressLocality":"PAU","addressCountry":"France"},"telephone":"0559847272","sameAs":"http:\/\/www.carrere-laborie.com"},"show_map":false,"show_map_link":true,"global_id":"www.cabinetmarechaux.com?id=545","global_id_lineage":["www.cabinetmarechaux.com?id=545"]},"organizer":[{"id":546,"author":"1","status":"publish","date":"2017-03-27 11:14:27","date_utc":"2017-03-27 09:14:27","modified":"2017-10-06 12:19:23","modified_utc":"2017-10-06 10:19:23","url":"https:\/\/www.cabinetmarechaux.com\/index.php\/organisateur\/etude-gestas-et-carrere\/","organizer":"Carr\u00e8re &#038; LABORIE","slug":"etude-gestas-et-carrere","phone":"0559847272","website":"http:\/\/www.carrere-laborie.com","json_ld":{"@type":"Person","name":"Carr\u00e8re &#038; LABORIE","description":"","url":"http:\/\/www.carrere-laborie.com","telephone":"0559847272","email":"","sameAs":"http:\/\/www.carrere-laborie.com"},"global_id":"www.cabinetmarechaux.com?id=546","global_id_lineage":["www.cabinetmarechaux.com?id=546"]}],"custom_fields":[],"json_ld":{"@context":"http:\/\/schema.org","@type":"Event","name":"CARRERE &#038; LABORIE, Pau","description":"&lt;p&gt;Vente de prestige https:\/\/www.interencheres.com\/meubles-objets-art\/vente-de-prestige-297482\/ Charles CAMOIN Ferme dans la campagne de Saint-Tropez, circa 1964 Huile sur toile 33 x 55 cm Nous remercions les Archives Camoin de nous avoir pr\u00e9cis\u00e9 &hellip; &lt;\/p&gt;\\n&lt;p class=&quot;link-more&quot;&gt;&lt;a href=&quot;https:\/\/www.cabinetmarechaux.com\/index.php\/event\/carrere-laborie-pau\/&quot; class=&quot;more-link&quot;&gt;Lire la suite de&lt;span class=&quot;screen-reader-text&quot;&gt;\u00ab\u00a0CARRERE &#038; LABORIE, Pau\u00a0\u00bb&lt;\/span&gt;&lt;\/a&gt;&lt;\/p&gt;\\n","image":"https:\/\/www.cabinetmarechaux.com\/wp-content\/uploads\/2021\/12\/Capture-decran-2021-12-13-a-11.17.17.png","url":"https:\/\/www.cabinetmarechaux.com\/index.php\/event\/carrere-laborie-pau\/","eventAttendanceMode":"https:\/\/schema.org\/OfflineEventAttendanceMode","eventStatus":"https:\/\/schema.org\/EventScheduled","startDate":"2021-12-18T00:00:00+01:00","endDate":"2021-12-18T23:59:59+01:00","location":{"@type":"Place","name":"H\u00f4tel des Ventes de Pau","description":"","url":"","address":{"@type":"PostalAddress","streetAddress":"3 all\u00e9e Catherine de Bourbon","addressLocality":"PAU","addressCountry":"France"},"telephone":"0559847272","sameAs":"http:\/\/www.carrere-laborie.com"},"organizer":{"@type":"Person","name":"Carr\u00e8re &#038; LABORIE","description":"","url":"http:\/\/www.carrere-laborie.com","telephone":"0559847272","email":"","sameAs":"http:\/\/www.carrere-laborie.com"},"performer":"Organization"}}