{"id":696,"global_id":"www.cabinetmarechaux.com?id=696","global_id_lineage":["www.cabinetmarechaux.com?id=696"],"author":"1","status":"publish","date":"2017-06-14 11:29:57","date_utc":"2017-06-14 09:29:57","modified":"2017-06-21 11:24:50","modified_utc":"2017-06-21 09:24:50","url":"https:\/\/www.cabinetmarechaux.com\/index.php\/event\/poitiers-belle-vente-de-mobilier-et-objets-dart-dont-un-ensemble-doeuvres-de-peintres-cubains-abela-acevedo-garcia-mijares-moreno-orlando-garcia\/","rest_url":"https:\/\/www.cabinetmarechaux.com\/index.php\/wp-json\/tribe\/events\/v1\/events\/696","title":"POITIERS, BELLE VENTE DE MOBILIER ET OBJETS D&rsquo;ART, DONT UN ENSEMBLE D&rsquo;OEUVRES DE PEINTRES CUBAINS : ABELA, ACEVEDO, GARCIA, MIJARES, MORENO, ORLANDO GARCIA","description":"<div>\n<div>\n<div><a title=\"Johannes Martin GRIMELUND (1842-1917): Le port de Marseille, Huile\" href=\"http:\/\/www.interencheres.com\/fr\/meubles-objets-art\/belle-vente-mobilier-objets-dart\/johannes-martin-grimelund-1842-1917-le-port-de-marseille-huile-ie_v94844\/9011533\/num\"><strong>Johannes Martin GRIMELUND (1842-1917) : Le port de Marseille, <\/strong><\/a><\/div>\n<div><a title=\"Johannes Martin GRIMELUND (1842-1917): Le port de Marseille, Huile\" href=\"http:\/\/www.interencheres.com\/fr\/meubles-objets-art\/belle-vente-mobilier-objets-dart\/johannes-martin-grimelund-1842-1917-le-port-de-marseille-huile-ie_v94844\/9011533\/num\">Huile&nbsp;sur toile, sign\u00e9e en bas \u00e0 gauche. <\/a><\/div>\n<div><a title=\"Johannes Martin GRIMELUND (1842-1917): Le port de Marseille, Huile\" href=\"http:\/\/www.interencheres.com\/fr\/meubles-objets-art\/belle-vente-mobilier-objets-dart\/johannes-martin-grimelund-1842-1917-le-port-de-marseille-huile-ie_v94844\/9011533\/num\">50 x 80,5 cm (accidents)<\/a><\/div>\n<div>&nbsp;<\/div>\n<p><strong>Eduardo ABELA (1889-1965) : Composition aux personnages, 1953<\/strong><\/p>\n<\/div>\n<div>Aquarelle&nbsp;et lavis sur papier, sign\u00e9, situ\u00e9 et dat\u00e9 \u00abParis 53\u00bb en bas \u00e0 droite.<\/div>\n<div>19 x 15,5 cm<\/div>\n<div>&nbsp;<\/div>\n<p><strong>Eduardo ABELA (1889-1965) : Portrait de jeune fille \u00e0 la fleur, 1964<\/strong><\/p>\n<\/div>\n<div>Huile&nbsp;sur panneau, sign\u00e9 et dat\u00e9 \u00ab64\u00bb en bas \u00e0 gauche.<\/div>\n<div>31 x 36 cm (\u00e0 vue)<\/div>\n<div>&nbsp;<\/div>\n<div><strong>Rafael MORENO (1887-1955) : Paysage, Cuba, 1946. <\/strong><\/div>\n<div>Huile sur toile sign\u00e9e, dat\u00e9e \u00ab11-4-46\u00bb et situ\u00e9e \u00abHabana Cuba\u00bb vers le bas au milieu.<\/div>\n<div>63 x 42,5 cm<\/div>\n<div>&nbsp;&nbsp;<\/div>\n<div>\n<div><strong>ORTIZ DE ZARATE Manuel ( 1886-1946) : Nature morte au compotier,<\/strong><\/div>\n<div>Huile sur toile, sign\u00e9e en haut \u00e0 gauche,<\/div>\n<div>46 x 55 cm. Eclats et r\u00e9tractations de peinture<\/div>\n<div>&nbsp;<\/div>\n<\/div>\n<div>&nbsp;<\/div>\n<p><img loading=\"lazy\" decoding=\"async\" class=\"alignleft size-full wp-image-701\" src=\"https:\/\/www.cabinetmarechaux.com\/wp-content\/uploads\/2017\/06\/110908_acc775152428f5d4ed03f9f1c3e8f4b6_normale.jpg\" alt=\"\" width=\"381\" height=\"480\" srcset=\"https:\/\/www.cabinetmarechaux.com\/wp-content\/uploads\/2017\/06\/110908_acc775152428f5d4ed03f9f1c3e8f4b6_normale.jpg 381w, https:\/\/www.cabinetmarechaux.com\/wp-content\/uploads\/2017\/06\/110908_acc775152428f5d4ed03f9f1c3e8f4b6_normale-238x300.jpg 238w\" sizes=\"auto, (max-width: 381px) 100vw, 381px\" \/><img loading=\"lazy\" decoding=\"async\" class=\"alignleft size-full wp-image-700\" src=\"https:\/\/www.cabinetmarechaux.com\/wp-content\/uploads\/2017\/06\/110919_78303dd1511b124ede9dafa409688475_normale.jpg\" alt=\"\" width=\"550\" height=\"480\" srcset=\"https:\/\/www.cabinetmarechaux.com\/wp-content\/uploads\/2017\/06\/110919_78303dd1511b124ede9dafa409688475_normale.jpg 550w, https:\/\/www.cabinetmarechaux.com\/wp-content\/uploads\/2017\/06\/110919_78303dd1511b124ede9dafa409688475_normale-300x262.jpg 300w\" sizes=\"auto, (max-width: 550px) 100vw, 550px\" \/><img loading=\"lazy\" decoding=\"async\" class=\"alignleft size-full wp-image-699\" src=\"https:\/\/www.cabinetmarechaux.com\/wp-content\/uploads\/2017\/06\/110958_2f800cb6aeaadc8f824a1684c30be979_normale.jpg\" alt=\"\" width=\"317\" height=\"480\" srcset=\"https:\/\/www.cabinetmarechaux.com\/wp-content\/uploads\/2017\/06\/110958_2f800cb6aeaadc8f824a1684c30be979_normale.jpg 317w, https:\/\/www.cabinetmarechaux.com\/wp-content\/uploads\/2017\/06\/110958_2f800cb6aeaadc8f824a1684c30be979_normale-198x300.jpg 198w\" sizes=\"auto, (max-width: 317px) 100vw, 317px\" \/><\/p>\n<p><img loading=\"lazy\" decoding=\"async\" class=\"alignleft size-full wp-image-698\" src=\"https:\/\/www.cabinetmarechaux.com\/wp-content\/uploads\/2017\/06\/110557_7de7fb52bf779e7e4d7eade440c55578_normale.jpg\" alt=\"\" width=\"546\" height=\"480\" srcset=\"https:\/\/www.cabinetmarechaux.com\/wp-content\/uploads\/2017\/06\/110557_7de7fb52bf779e7e4d7eade440c55578_normale.jpg 546w, https:\/\/www.cabinetmarechaux.com\/wp-content\/uploads\/2017\/06\/110557_7de7fb52bf779e7e4d7eade440c55578_normale-300x264.jpg 300w\" sizes=\"auto, (max-width: 546px) 100vw, 546px\" \/><\/p>","excerpt":"","slug":"poitiers-belle-vente-de-mobilier-et-objets-dart-dont-un-ensemble-doeuvres-de-peintres-cubains-abela-acevedo-garcia-mijares-moreno-orlando-garcia","image":{"url":"https:\/\/www.cabinetmarechaux.com\/wp-content\/uploads\/2017\/06\/110740_5015e7d98d707473c86918f27a3c2e13_normale.jpg","id":697,"extension":"jpg","width":640,"height":395,"sizes":{"thumbnail":{"width":150,"height":150,"mime-type":"image\/jpeg","url":"https:\/\/www.cabinetmarechaux.com\/wp-content\/uploads\/2017\/06\/110740_5015e7d98d707473c86918f27a3c2e13_normale-150x150.jpg"},"medium":{"width":300,"height":185,"mime-type":"image\/jpeg","url":"https:\/\/www.cabinetmarechaux.com\/wp-content\/uploads\/2017\/06\/110740_5015e7d98d707473c86918f27a3c2e13_normale-300x185.jpg"},"twentyseventeen-thumbnail-avatar":{"width":100,"height":100,"mime-type":"image\/jpeg","url":"https:\/\/www.cabinetmarechaux.com\/wp-content\/uploads\/2017\/06\/110740_5015e7d98d707473c86918f27a3c2e13_normale-100x100.jpg"}}},"all_day":true,"start_date":"2017-06-24 00:00:00","start_date_details":{"year":"2017","month":"06","day":"24","hour":"00","minutes":"00","seconds":"00"},"end_date":"2017-06-24 23:59:59","end_date_details":{"year":"2017","month":"06","day":"24","hour":"23","minutes":"59","seconds":"59"},"utc_start_date":"2017-06-23 22:00:00","utc_start_date_details":{"year":"2017","month":"06","day":"23","hour":"22","minutes":"00","seconds":"00"},"utc_end_date":"2017-06-24 21:59:59","utc_end_date_details":{"year":"2017","month":"06","day":"24","hour":"21","minutes":"59","seconds":"59"},"timezone":"Europe\/Paris","timezone_abbr":"CEST","cost":"","cost_details":{"currency_symbol":"","currency_code":"","currency_position":"suffix","values":[]},"website":"","show_map":false,"show_map_link":true,"hide_from_listings":false,"sticky":true,"featured":false,"categories":[{"name":"Ventes \u00e0 venir","slug":"ventes","term_group":0,"term_taxonomy_id":10,"taxonomy":"tribe_events_cat","description":"","parent":0,"count":462,"filter":"raw","id":10,"urls":{"self":"https:\/\/www.cabinetmarechaux.com\/index.php\/wp-json\/tribe\/events\/v1\/categories\/10","collection":"https:\/\/www.cabinetmarechaux.com\/index.php\/wp-json\/tribe\/events\/v1\/categories"}}],"tags":[],"venue":{"id":703,"author":"1","status":"publish","date":"2017-06-14 11:29:57","date_utc":"2017-06-14 09:29:57","modified":"2017-06-14 11:29:57","modified_utc":"2017-06-14 09:29:57","url":"https:\/\/www.cabinetmarechaux.com\/index.php\/lieu\/hotel-des-ventes-de-poitiers\/","venue":"HOTEL DES VENTES DE POITIERS","slug":"hotel-des-ventes-de-poitiers","address":"22 boulevard du Grand Cerf","city":"POITIERS","json_ld":{"@type":"Place","name":"HOTEL DES VENTES DE POITIERS","description":"","url":"","address":{"@type":"PostalAddress","streetAddress":"22 boulevard du Grand Cerf","addressLocality":"POITIERS"},"telephone":"","sameAs":""},"show_map":true,"show_map_link":true,"global_id":"www.cabinetmarechaux.com?id=703","global_id_lineage":["www.cabinetmarechaux.com?id=703"]},"organizer":[],"custom_fields":[],"json_ld":{"@context":"http:\/\/schema.org","@type":"Event","name":"POITIERS, BELLE VENTE DE MOBILIER ET OBJETS D&rsquo;ART, DONT UN ENSEMBLE D&rsquo;OEUVRES DE PEINTRES CUBAINS : ABELA, ACEVEDO, GARCIA, MIJARES, MORENO, ORLANDO GARCIA","description":"&lt;p&gt;Johannes Martin GRIMELUND (1842-1917) : Le port de Marseille, Huile&nbsp;sur toile, sign\u00e9e en bas \u00e0 gauche. 50 x 80,5 cm (accidents) &nbsp; Eduardo ABELA (1889-1965) : Composition aux personnages, 1953 &hellip; &lt;\/p&gt;\\n&lt;p class=&quot;link-more&quot;&gt;&lt;a href=&quot;https:\/\/www.cabinetmarechaux.com\/index.php\/event\/poitiers-belle-vente-de-mobilier-et-objets-dart-dont-un-ensemble-doeuvres-de-peintres-cubains-abela-acevedo-garcia-mijares-moreno-orlando-garcia\/&quot; class=&quot;more-link&quot;&gt;Lire la suite de&lt;span class=&quot;screen-reader-text&quot;&gt;\u00ab\u00a0POITIERS, BELLE VENTE DE MOBILIER ET OBJETS D&rsquo;ART, DONT UN ENSEMBLE D&rsquo;OEUVRES DE PEINTRES CUBAINS : ABELA, ACEVEDO, GARCIA, MIJARES, MORENO, ORLANDO GARCIA\u00a0\u00bb&lt;\/span&gt;&lt;\/a&gt;&lt;\/p&gt;\\n","image":"https:\/\/www.cabinetmarechaux.com\/wp-content\/uploads\/2017\/06\/110740_5015e7d98d707473c86918f27a3c2e13_normale.jpg","url":"https:\/\/www.cabinetmarechaux.com\/index.php\/event\/poitiers-belle-vente-de-mobilier-et-objets-dart-dont-un-ensemble-doeuvres-de-peintres-cubains-abela-acevedo-garcia-mijares-moreno-orlando-garcia\/","eventAttendanceMode":"https:\/\/schema.org\/OfflineEventAttendanceMode","eventStatus":"https:\/\/schema.org\/EventScheduled","startDate":"2017-06-24T00:00:00+02:00","endDate":"2017-06-24T23:59:59+02:00","location":{"@type":"Place","name":"HOTEL DES VENTES DE POITIERS","description":"","url":"","address":{"@type":"PostalAddress","streetAddress":"22 boulevard du Grand Cerf","addressLocality":"POITIERS"},"telephone":"","sameAs":""},"performer":"Organization"}}