{"id":547,"date":"2017-03-27T11:20:08","date_gmt":"2017-03-27T09:20:08","guid":{"rendered":"http:\/\/www.cabinetmarechaux.com\/?p=547"},"modified":"2017-12-22T11:29:07","modified_gmt":"2017-12-22T10:29:07","slug":"une-decouverte-exceptionnelle-a-lhotel-des-ventes-de-pau","status":"publish","type":"post","link":"https:\/\/www.cabinetmarechaux.com\/index.php\/2017\/03\/27\/une-decouverte-exceptionnelle-a-lhotel-des-ventes-de-pau\/","title":{"rendered":"Une d\u00e9couverte exceptionnelle \u00e0 l&rsquo;H\u00f4tel des Ventes de Pau"},"content":{"rendered":"<div class=\"page\" title=\"Page 1\">\n<table>\n<tbody>\n<tr>\n<td><strong>\u00a0<\/strong><\/td>\n<\/tr>\n<tr>\n<td>\n<div class=\"layoutArea\">\n<div class=\"column\">\n<p style=\"text-align: center;\"><span style=\"color: #003366;\">Selon l&rsquo;avis n\u00b02017-01 de\u00a0la commission consultative des tr\u00e9sors nationaux, publi\u00e9 le 1er f\u00e9vrier 2017, ce pl\u00e2tre de Rodin a \u00e9t\u00e9 class\u00e9 tr\u00e9sor national par le minist\u00e8re de la culture et de la communication.\u00a0<\/span><\/p>\n<p style=\"text-align: center;\"><span style=\"color: #003366;\">\u00ab\u00a0consid\u00e9rant que le bien pour lequel le certificat d&rsquo;exportation est demand\u00e9 est une remarquable \u00e9preuve en pl\u00e2tre, datant probablement de 1885 et r\u00e9cemment r\u00e9apparue, d&rsquo;Auguste Rodin (1840-1917) (&#8230;) que ce rare exemplaire r\u00e9cemment red\u00e9couvert, sans doute le premier de cette oeuvre, constitue, par son anciennet\u00e9 et ses caract\u00e9ristiques techniques, un jalon capital, susceptible de permettre d&rsquo;approfondir la connaissance du processus de cr\u00e9ation de ce grand artiste de la seconde moiti\u00e9 du XIXe si\u00e8cle, qui a trac\u00e9 la voie \u00e0 la sculpture moderne.\u00a0\u00bb<\/span><\/p>\n<p style=\"text-align: left;\">\n<\/div>\n<div class=\"column\">\n<p style=\"text-align: center;\">Communiqu\u00e9 de presse<\/p>\n<p style=\"text-align: center;\"><strong>Gestas &amp; Carr\u00e8re , commissaires-priseurs<\/strong><\/p>\n<p style=\"text-align: center;\"><strong>Cabinet Mar\u00e9chaux\u00a0<\/strong><\/p>\n<\/div>\n<\/div>\n<\/td>\n<\/tr>\n<tr>\n<td>\n<div class=\"layoutArea\" style=\"text-align: center;\"><\/div>\n<div class=\"layoutArea\">\n<div class=\"column\" style=\"text-align: center;\">\n<p>D\u00e9couverte exceptionnelle \u00e0 l\u2019h\u00f4tel des ventes de Pau<\/p>\n<p><strong>Un pl\u00e2tre de Rodin class\u00e9 tr\u00e9sor national<\/strong><\/p>\n<p>Conf\u00e9rence pr\u00e9sentation de l\u2019\u0153uvre le 31 mars<\/p>\n<\/div>\n<div class=\"column\">\n<p style=\"text-align: center;\">par Madame Elisabeth Mar\u00e9chaux, expert<\/p>\n<\/div>\n<\/div>\n<div class=\"layoutArea\">\n<div class=\"column\">\n<p>Apr\u00e8s avoir cl\u00f4tur\u00e9 l\u2019ann\u00e9e 2016 par la vente record d\u2019un dessin d\u2019Andr\u00e9a del Sarto pour la somme de 3 936 000 euros, les commissaires-priseurs de l\u2019Etude Gestas &amp; Carr\u00e8re ouvrent le mill\u00e9sime 2017 par une d\u00e9couverte exceptionnelle: un grand pl\u00e2tre d\u2019Auguste Rodin, actuellement assur\u00e9 pour un montant de 700 000 euros, que le Minist\u00e8re de la culture vient de classer Tr\u00e9sor National. Tous les amateurs, avertis ou non, \u00e0 venir assister \u00e0 une conf\u00e9rence au cours de laquelle l\u2019\u0153uvre sera expos\u00e9e en avant-premi\u00e8re et comment\u00e9e par l\u2019expert, Madame Elisabeth Mar\u00e9chaux.<\/p>\n<p><img loading=\"lazy\" decoding=\"async\" class=\"alignleft size-large wp-image-537\" src=\"https:\/\/www.cabinetmarechaux.com\/wp-content\/uploads\/2017\/03\/2016-4939B-1-683x1024.jpg\" alt=\"\" width=\"525\" height=\"787\" srcset=\"https:\/\/www.cabinetmarechaux.com\/wp-content\/uploads\/2017\/03\/2016-4939B-1.jpg 683w, https:\/\/www.cabinetmarechaux.com\/wp-content\/uploads\/2017\/03\/2016-4939B-1-200x300.jpg 200w\" sizes=\"auto, (max-width: 525px) 100vw, 525px\" \/><\/p>\n<p>&nbsp;<\/p>\n<p>&nbsp;<\/p>\n<p>&nbsp;<\/p>\n<p>&nbsp;<\/p>\n<p>&nbsp;<\/p>\n<p>&nbsp;<\/p>\n<p>&nbsp;<\/p>\n<p>&nbsp;<\/p>\n<p>&nbsp;<\/p>\n<p>&nbsp;<\/p>\n<p>&nbsp;<\/p>\n<p>&nbsp;<\/p>\n<p>&nbsp;<\/p>\n<p>&nbsp;<\/p>\n<p>&nbsp;<\/p>\n<p>&nbsp;<\/p>\n<p>&nbsp;<\/p>\n<p>&nbsp;<\/p>\n<p>&nbsp;<\/p>\n<p>&nbsp;<\/p>\n<p>&nbsp;<\/p>\n<p>&nbsp;<\/p>\n<p>&nbsp;<\/p>\n<p><span style=\"color: #333399;\">Une double d\u00e9couverte<\/span><\/p>\n<p>Les commissaires-priseurs de l\u2019\u00e9tude Gestas &amp; Carr\u00e8re rencontr\u00e8rent ce grand pl\u00e2tre une premi\u00e8re fois en 2013 dans des conditions abracadabrantes. Il fut identifi\u00e9 mais non expertis\u00e9. Ils ne savaient pas qu\u2019ils le retrouveraient trois ans plus tard \u00e0 l\u2019occasion d\u2019un inventaire r\u00e9alis\u00e9 \u00e0 la requ\u00eate du Cabinet de g\u00e9n\u00e9alogie Coutot-Roehrig.<\/p>\n<\/div>\n<\/div>\n<\/td>\n<\/tr>\n<\/tbody>\n<\/table>\n<\/div>\n<div class=\"page\" title=\"Page 2\">\n<div class=\"layoutArea\">\n<div class=\"column\">\n<p>&nbsp;<\/p>\n<p>Apr\u00e8s avoir longtemps d\u00e9cor\u00e9 un appartement palois, puis pendant quelques mois une chambre d\u2019un \u00e9tablissement m\u00e9dical du Pays Basque, cette sculpture fut retrouv\u00e9e dans un grand carton au fond d\u2019un conteneur d\u2019un garde-meuble biarrot. Pass\u00e9 l\u2019enthousiasme mais toujours \u00e9blouis par la qualit\u00e9 de la pi\u00e8ce, Franck Morrisset du Cabinet Coutot-Roehrig et Patrice Carr\u00e8re d\u00e9cid\u00e8rent de faire d\u2019analyser l\u2019\u0153uvre en profondeur en sollicitant le cabinet d\u2019expertise d\u2019Elisabeth et Philippine Mar\u00e9chaux.<\/p>\n<p><span style=\"color: #333399;\">\u0152uvre ou chef d\u2019\u0153uvre ?<\/span><\/p>\n<p>Cette grande pi\u00e8ce de 72 cm d\u00e9gage instantan\u00e9ment une impression de puissance : un homme nu, porte tous muscles dehors, l\u2019\u00e9chine cambr\u00e9e, \u00e0 la limite de la rupture, une jeune femme dans une \u00e9tonnante position accroupie. La presque totalit\u00e9 de son corps tient dans le creux des bras de l\u2019homme qui dans un effort d\u00e9sesp\u00e9r\u00e9 tente de retenir ce qui ne peut l\u2019\u00eatre et rendre leur amour \u00e9ternel. Le mouvement est comme suspendu, l\u2019\u00e9quilibre est instable. Nous sommes dans le sublime. La signature \u00ab A Rodin \u00bb est incis\u00e9e dans la terrasse.<\/p>\n<p>Le sujet est superbe et la signature on ne peut plus prestigieuse, mais il en fallait un peu plus pour crier au chef d\u2019\u0153uvre car la grande majorit\u00e9 des pl\u00e2tres sont des moulages d\u2019\u0153uvres, des alternatives bon march\u00e9 \u00e0 l\u2019\u00e9dition de bronzes dont ils portent m\u00eame parfois la patine afin d\u2019entretenir le doute. Ce sont les parents pauvres du march\u00e9 de la sculpture.<\/p>\n<p>L\u2019intervention de Monsieur J\u00e9r\u00f4me Leblay du Comit\u00e9 Rodin, r\u00e9dacteur du catalogue raisonn\u00e9 de l\u2019\u0153uvre d\u2019Auguste Rodin fut, \u00e0 ce titre, d\u00e9terminante. L\u2019\u0153uvre fut transport\u00e9e \u00e0 Meudon dans les ateliers du Ma\u00eetre, aujourd\u2019hui annexes du mus\u00e9e Rodin. Elle fut confront\u00e9e aux moules conserv\u00e9s en ces lieux. De toute \u00e9vidence, ce pl\u00e2tre a \u00e9t\u00e9 r\u00e9alis\u00e9 en 1885 ou 1886, il est une des premi\u00e8res versions, probablement la toute premi\u00e8re de cette sculpture, celle sur laquelle la main du ma\u00eetre a pass\u00e9 le plus de temps, celle dans laquelle sont grav\u00e9s l\u2019acte cr\u00e9atif et l\u2019\u00e9motion qui l\u2019a g\u00e9n\u00e9r\u00e9. Ce pl\u00e2tre est le point de d\u00e9part d\u2019une des plus grandes cr\u00e9ations r\u00e9alis\u00e9es par Auguste Rodin \u00ab Je suis Belle \u00bb une \u00ab illustration \u00bb au po\u00e8me de Charles Baudelaire \u00ab la Beaut\u00e9 \u00bb d\u00e9butant ainsi : \u00ab Je suis belle, \u00f4 mortels ! comme un r\u00eave de pierre&#8230; \u00bb. La sculpture fut m\u00eame int\u00e9gr\u00e9e sous forme de haut relief au grand \u0153uvre de Rodin, la c\u00e9l\u00e8bre porte de l\u2019enfer.<\/p>\n<p>Ce pl\u00e2tre est un chef d\u2019\u0153uvre, un r\u00eave de pl\u00e2tre !<\/p>\n<p><span style=\"color: #333399;\">Un tr\u00e9sor national<\/span><\/p>\n<p>La direction des Mus\u00e9es de France ne s\u2019y est pas tromp\u00e9e. Consult\u00e9e dans le cadre de la pr\u00e9paration de la future mise en vente afin qu\u2019elle se prononce sur la possibilit\u00e9 d&rsquo;exportation, elle a \u00e9mis un avis n\u00e9gatif. Cet avis a \u00e9t\u00e9 suivi par Madame Audrey Azoulay, Ministre de la Culture dont l\u2019arr\u00eat\u00e9 entraine le classement de l\u2019\u0153uvre en Tr\u00e9sor National et la confirmation de l\u2019exceptionnalit\u00e9 de cette d\u00e9couverte.<\/p>\n<p>L\u2019\u0153uvre ne pourra pas \u00eatre export\u00e9e pendant 30 mois. Elle est actuellement assur\u00e9e pour un montant de 700 000 euros.<\/p>\n<\/div>\n<\/div>\n<\/div>\n<div class=\"page\" title=\"Page 3\">\n<div class=\"layoutArea\">\n<div class=\"column\">\n<p>Estimations, Pr\u00e9sentation, Conf\u00e9rence : une journ\u00e9e d\u00e9di\u00e9e \u00e0 l\u2019Art des XIX\u00e8me et XX\u00e8me si\u00e8cles<\/p>\n<p>Ce vendredi 31 mars, \u00e0 19h \u00e0 l\u2019issue de l\u2019exposition de la vente qui se d\u00e9roulera le lendemain, l\u2019expert, Madame Elisabeth Mar\u00e9chaux et le commissaire-priseur, Patrice Carr\u00e8re, pr\u00e9senteront et commenteront cette pi\u00e8ce exceptionnelle.<\/p>\n<p>Les possesseurs de tableaux et de sculptures des XIX\u00e8me et XX\u00e8me si\u00e8cle pourront prendre rendez-vous pour pr\u00e9senter leurs \u0153uvres \u00e0 Madame Mar\u00e9chaux qui les expertisera et les estimera gratuitement entre 10h et 19h.<\/p>\n<p><span style=\"color: #333399;\">Quand ?<\/span><\/p>\n<p>Vendredi 31 mars<br \/>\nJourn\u00e9e d\u2019estimations gratuites sur rendez-vous de 10h \u00e0 12h et de 14h \u00e0 19h Conf\u00e9rence \u00e0 19h<\/p>\n<p><span style=\"color: #333399;\">O\u00f9 ?<\/span><\/p>\n<p>H\u00f4tel des ventes de Pau, Etude Gestas &amp; Carr\u00e8re, 3 all\u00e9es Catherine de Bourbon<\/p>\n<p>Informations et contact presse<\/p>\n<p>Patrice Carr\u00e8re 05 59 84 72 72<\/p>\n<p><img loading=\"lazy\" decoding=\"async\" class=\"alignleft wp-image-538 size-large\" src=\"https:\/\/www.cabinetmarechaux.com\/wp-content\/uploads\/2017\/03\/2016-4939B-2-683x1024.jpg\" alt=\"\" width=\"525\" height=\"787\" srcset=\"https:\/\/www.cabinetmarechaux.com\/wp-content\/uploads\/2017\/03\/2016-4939B-2.jpg 683w, https:\/\/www.cabinetmarechaux.com\/wp-content\/uploads\/2017\/03\/2016-4939B-2-200x300.jpg 200w\" sizes=\"auto, (max-width: 525px) 100vw, 525px\" \/><\/p>\n<\/div>\n<\/div>\n<\/div>\n<div class=\"page\" title=\"Page 4\">\n<div class=\"layoutArea\">\n<div class=\"column\">\n<p>&nbsp;<\/p>\n<p>&nbsp;<\/p>\n<p>&nbsp;<\/p>\n<p>&nbsp;<\/p>\n<p>&nbsp;<\/p>\n<p>&nbsp;<\/p>\n<p>&nbsp;<\/p>\n<p>&nbsp;<\/p>\n<p>&nbsp;<\/p>\n<p>&nbsp;<\/p>\n<p>&nbsp;<\/p>\n<p>&nbsp;<\/p>\n<p>&nbsp;<\/p>\n<p>&nbsp;<\/p>\n<p>&nbsp;<\/p>\n<p>&nbsp;<\/p>\n<p>&nbsp;<\/p>\n<p>&nbsp;<\/p>\n<p>&nbsp;<\/p>\n<p>&nbsp;<\/p>\n<p>&nbsp;<\/p>\n<p>Je suis belle, \u00f4 mortels ! comme un r\u00eave de pierre, Et mon sein, o\u00f9 chacun s&rsquo;est meurtri tour \u00e0 tour, Est fait pour inspirer au po\u00e8te un amour<br \/>\nEternel et muet ainsi que la mati\u00e8re.<\/p>\n<p>Je tr\u00f4ne dans l&rsquo;azur comme un sphinx incompris ; J&rsquo;unis un c\u0153ur de neige \u00e0 la blancheur des cygnes ; Je hais le mouvement qui d\u00e9place les lignes,<br \/>\nEt jamais je ne pleure et jamais je ne ris.<\/p>\n<p>Les po\u00e8tes, devant mes grandes attitudes,<br \/>\nQue j&rsquo;ai l&rsquo;air d&#8217;emprunter aux plus fiers monuments, Consumeront leurs jours en d&rsquo;aust\u00e8res \u00e9tudes ;<\/p>\n<p>Car j&rsquo;ai, pour fasciner ces dociles amants,<br \/>\nDe purs miroirs qui font toutes choses plus belles : Mes yeux, mes larges yeux aux clart\u00e9s \u00e9ternelles !<\/p>\n<p>Charles Baudelaire, (Les Fleurs du Mal)<\/p>\n<\/div>\n<div class=\"column\">\n<p><img loading=\"lazy\" decoding=\"async\" class=\"alignleft size-thumbnail wp-image-537\" src=\"https:\/\/www.cabinetmarechaux.com\/wp-content\/uploads\/2017\/03\/2016-4939B-1-150x150.jpg\" alt=\"\" width=\"150\" height=\"150\" srcset=\"https:\/\/www.cabinetmarechaux.com\/wp-content\/uploads\/2017\/03\/2016-4939B-1-150x150.jpg 150w, https:\/\/www.cabinetmarechaux.com\/wp-content\/uploads\/2017\/03\/2016-4939B-1-100x100.jpg 100w\" sizes=\"auto, (max-width: 150px) 100vw, 150px\" \/><\/p>\n<\/div>\n<p>&nbsp;<\/p>\n<div class=\"column\"><\/div>\n<p>&nbsp;<\/p>\n<p>&nbsp;<\/p>\n<p>&nbsp;<\/p>\n<p>&nbsp;<\/p>\n<p>Voir les articles suivants :<\/p>\n<p><a href=\"http:\/\/www.lefigaro.fr\/flash-actu\/2017\/03\/27\/97001-20170327FILWWW00302-pau-decouverte-d-un-platre-exceptionnel-de-rodin.php\">Le Figaro\u00a0<\/a><\/p>\n<\/div>\n<p><a href=\"https:\/\/www.connaissancedesarts.com\/non-classe\/un-platre-de-rodin-decouvert-et-classe-tresor-national-1166067\/\">Connaissance des Arts<\/a><\/p>\n<p><a href=\"http:\/\/www.larepubliquedespyrenees.fr\/2017\/03\/27\/un-platre-de-rodin-classe-tresor-national-decouvert-a-pau,2110093.php\">La r\u00e9publique des Pyr\u00e9n\u00e9es<\/a><\/p>\n<p><a href=\"http:\/\/www.musee-rodin.fr\/sites\/musee\/files\/resourceSpace\/3557_1ab178a697ae1b9.pdf\">Dossier p\u00e9dagogique du Mus\u00e9e\u00a0RODIN<\/a><\/p>\n<p><a href=\"http:\/\/www.lci.fr\/culture\/une-sculpture-exceptionnelle-d-auguste-rodin-decouverte-au-fond-d-un-carton-a-biarritz-2030461.html\">LCI<\/a><\/p>\n<\/div>\n<p><a href=\"http:\/\/www.europe1.fr\/culture\/pau-decouverte-dun-platre-exceptionnel-dauguste-rodin-3213419\">EUROPE 1<\/a><\/p>\n","protected":false},"excerpt":{"rendered":"<p>\u00a0 Selon l&rsquo;avis n\u00b02017-01 de\u00a0la commission consultative des tr\u00e9sors nationaux, publi\u00e9 le 1er f\u00e9vrier 2017, ce pl\u00e2tre de Rodin a \u00e9t\u00e9 class\u00e9 tr\u00e9sor national par le minist\u00e8re de la culture &hellip; <\/p>\n<p class=\"link-more\"><a href=\"https:\/\/www.cabinetmarechaux.com\/index.php\/2017\/03\/27\/une-decouverte-exceptionnelle-a-lhotel-des-ventes-de-pau\/\" class=\"more-link\">Lire la suite de<span class=\"screen-reader-text\">\u00ab\u00a0Une d\u00e9couverte exceptionnelle \u00e0 l&rsquo;H\u00f4tel des Ventes de Pau\u00a0\u00bb<\/span><\/a><\/p>\n","protected":false},"author":1,"featured_media":538,"comment_status":"closed","ping_status":"open","sticky":false,"template":"","format":"standard","meta":{"_monsterinsights_skip_tracking":false,"_monsterinsights_sitenote_active":false,"_monsterinsights_sitenote_note":"","_monsterinsights_sitenote_category":0,"ngg_post_thumbnail":0,"footnotes":""},"categories":[6],"tags":[],"class_list":["post-547","post","type-post","status-publish","format-standard","has-post-thumbnail","hentry","category-ventes-province"],"yoast_head":"<!-- This site is optimized with the Yoast SEO plugin v20.10 - https:\/\/yoast.com\/wordpress\/plugins\/seo\/ -->\n<title>Une d\u00e9couverte exceptionnelle \u00e0 l&#039;H\u00f4tel des Ventes de Pau - Cabinet Mar\u00e9chaux<\/title>\n<meta name=\"robots\" content=\"index, follow, max-snippet:-1, max-image-preview:large, max-video-preview:-1\" \/>\n<link rel=\"canonical\" href=\"https:\/\/www.cabinetmarechaux.com\/index.php\/2017\/03\/27\/une-decouverte-exceptionnelle-a-lhotel-des-ventes-de-pau\/\" \/>\n<meta property=\"og:locale\" content=\"fr_FR\" \/>\n<meta property=\"og:type\" content=\"article\" \/>\n<meta property=\"og:title\" content=\"Une d\u00e9couverte exceptionnelle \u00e0 l&#039;H\u00f4tel des Ventes de Pau - Cabinet Mar\u00e9chaux\" \/>\n<meta property=\"og:description\" content=\"\u00a0 Selon l&rsquo;avis n\u00b02017-01 de\u00a0la commission consultative des tr\u00e9sors nationaux, publi\u00e9 le 1er f\u00e9vrier 2017, ce pl\u00e2tre de Rodin a \u00e9t\u00e9 class\u00e9 tr\u00e9sor national par le minist\u00e8re de la culture &hellip; Lire la suite de\u00ab\u00a0Une d\u00e9couverte exceptionnelle \u00e0 l&rsquo;H\u00f4tel des Ventes de Pau\u00a0\u00bb\" \/>\n<meta property=\"og:url\" content=\"https:\/\/www.cabinetmarechaux.com\/index.php\/2017\/03\/27\/une-decouverte-exceptionnelle-a-lhotel-des-ventes-de-pau\/\" \/>\n<meta property=\"og:site_name\" content=\"Cabinet Mar\u00e9chaux\" \/>\n<meta property=\"article:publisher\" content=\"https:\/\/www.facebook.com\/elisabethmarechaux\/?locale=fr_FR\" \/>\n<meta property=\"article:published_time\" content=\"2017-03-27T09:20:08+00:00\" \/>\n<meta property=\"article:modified_time\" content=\"2017-12-22T10:29:07+00:00\" \/>\n<meta property=\"og:image\" content=\"https:\/\/www.cabinetmarechaux.com\/wp-content\/uploads\/2017\/03\/2016-4939B-2.jpg\" \/>\n\t<meta property=\"og:image:width\" content=\"683\" \/>\n\t<meta property=\"og:image:height\" content=\"1024\" \/>\n\t<meta property=\"og:image:type\" content=\"image\/jpeg\" \/>\n<meta name=\"author\" content=\"Marechaux\" \/>\n<meta name=\"twitter:card\" content=\"summary_large_image\" \/>\n<meta name=\"twitter:label1\" content=\"\u00c9crit par\" \/>\n\t<meta name=\"twitter:data1\" content=\"Marechaux\" \/>\n\t<meta name=\"twitter:label2\" content=\"Dur\u00e9e de lecture estim\u00e9e\" \/>\n\t<meta name=\"twitter:data2\" content=\"6 minutes\" \/>\n<script type=\"application\/ld+json\" class=\"yoast-schema-graph\">{\"@context\":\"https:\/\/schema.org\",\"@graph\":[{\"@type\":\"Article\",\"@id\":\"https:\/\/www.cabinetmarechaux.com\/index.php\/2017\/03\/27\/une-decouverte-exceptionnelle-a-lhotel-des-ventes-de-pau\/#article\",\"isPartOf\":{\"@id\":\"https:\/\/www.cabinetmarechaux.com\/index.php\/2017\/03\/27\/une-decouverte-exceptionnelle-a-lhotel-des-ventes-de-pau\/\"},\"author\":{\"name\":\"Marechaux\",\"@id\":\"https:\/\/www.cabinetmarechaux.com\/#\/schema\/person\/db6a0a584a7ce733754f52fd9c99924c\"},\"headline\":\"Une d\u00e9couverte exceptionnelle \u00e0 l&rsquo;H\u00f4tel des Ventes de Pau\",\"datePublished\":\"2017-03-27T09:20:08+00:00\",\"dateModified\":\"2017-12-22T10:29:07+00:00\",\"mainEntityOfPage\":{\"@id\":\"https:\/\/www.cabinetmarechaux.com\/index.php\/2017\/03\/27\/une-decouverte-exceptionnelle-a-lhotel-des-ventes-de-pau\/\"},\"wordCount\":1258,\"publisher\":{\"@id\":\"https:\/\/www.cabinetmarechaux.com\/#organization\"},\"articleSection\":[\"Ventes province\"],\"inLanguage\":\"fr-FR\"},{\"@type\":\"WebPage\",\"@id\":\"https:\/\/www.cabinetmarechaux.com\/index.php\/2017\/03\/27\/une-decouverte-exceptionnelle-a-lhotel-des-ventes-de-pau\/\",\"url\":\"https:\/\/www.cabinetmarechaux.com\/index.php\/2017\/03\/27\/une-decouverte-exceptionnelle-a-lhotel-des-ventes-de-pau\/\",\"name\":\"Une d\u00e9couverte exceptionnelle \u00e0 l'H\u00f4tel des Ventes de Pau - Cabinet Mar\u00e9chaux\",\"isPartOf\":{\"@id\":\"https:\/\/www.cabinetmarechaux.com\/#website\"},\"datePublished\":\"2017-03-27T09:20:08+00:00\",\"dateModified\":\"2017-12-22T10:29:07+00:00\",\"breadcrumb\":{\"@id\":\"https:\/\/www.cabinetmarechaux.com\/index.php\/2017\/03\/27\/une-decouverte-exceptionnelle-a-lhotel-des-ventes-de-pau\/#breadcrumb\"},\"inLanguage\":\"fr-FR\",\"potentialAction\":[{\"@type\":\"ReadAction\",\"target\":[\"https:\/\/www.cabinetmarechaux.com\/index.php\/2017\/03\/27\/une-decouverte-exceptionnelle-a-lhotel-des-ventes-de-pau\/\"]}]},{\"@type\":\"BreadcrumbList\",\"@id\":\"https:\/\/www.cabinetmarechaux.com\/index.php\/2017\/03\/27\/une-decouverte-exceptionnelle-a-lhotel-des-ventes-de-pau\/#breadcrumb\",\"itemListElement\":[{\"@type\":\"ListItem\",\"position\":1,\"name\":\"Accueil\",\"item\":\"https:\/\/www.cabinetmarechaux.com\/\"},{\"@type\":\"ListItem\",\"position\":2,\"name\":\"Une d\u00e9couverte exceptionnelle \u00e0 l&rsquo;H\u00f4tel des Ventes de Pau\"}]},{\"@type\":\"WebSite\",\"@id\":\"https:\/\/www.cabinetmarechaux.com\/#website\",\"url\":\"https:\/\/www.cabinetmarechaux.com\/\",\"name\":\"Cabinet Mar\u00e9chaux\",\"description\":\"Expertise : tableaux, dessins, sculptures des XIXe et XXe si\u00e8cles\",\"publisher\":{\"@id\":\"https:\/\/www.cabinetmarechaux.com\/#organization\"},\"potentialAction\":[{\"@type\":\"SearchAction\",\"target\":{\"@type\":\"EntryPoint\",\"urlTemplate\":\"https:\/\/www.cabinetmarechaux.com\/?s={search_term_string}\"},\"query-input\":\"required name=search_term_string\"}],\"inLanguage\":\"fr-FR\"},{\"@type\":\"Organization\",\"@id\":\"https:\/\/www.cabinetmarechaux.com\/#organization\",\"name\":\"Cabinet Mar\u00e9chaux\",\"url\":\"https:\/\/www.cabinetmarechaux.com\/\",\"logo\":{\"@type\":\"ImageObject\",\"inLanguage\":\"fr-FR\",\"@id\":\"https:\/\/www.cabinetmarechaux.com\/#\/schema\/logo\/image\/\",\"url\":\"https:\/\/www.cabinetmarechaux.com\/wp-content\/uploads\/2023\/06\/cabinet-marechaux.jpg\",\"contentUrl\":\"https:\/\/www.cabinetmarechaux.com\/wp-content\/uploads\/2023\/06\/cabinet-marechaux.jpg\",\"width\":180,\"height\":180,\"caption\":\"Cabinet Mar\u00e9chaux\"},\"image\":{\"@id\":\"https:\/\/www.cabinetmarechaux.com\/#\/schema\/logo\/image\/\"},\"sameAs\":[\"https:\/\/www.facebook.com\/elisabethmarechaux\/?locale=fr_FR\",\"https:\/\/www.instagram.com\/cabinetmarechaux\/\"]},{\"@type\":\"Person\",\"@id\":\"https:\/\/www.cabinetmarechaux.com\/#\/schema\/person\/db6a0a584a7ce733754f52fd9c99924c\",\"name\":\"Marechaux\",\"image\":{\"@type\":\"ImageObject\",\"inLanguage\":\"fr-FR\",\"@id\":\"https:\/\/www.cabinetmarechaux.com\/#\/schema\/person\/image\/\",\"url\":\"https:\/\/secure.gravatar.com\/avatar\/fcad6878fefb88fe03c9c85773284ea685c0418f4da66526018ec80bf3b6ff91?s=96&d=mm&r=g\",\"contentUrl\":\"https:\/\/secure.gravatar.com\/avatar\/fcad6878fefb88fe03c9c85773284ea685c0418f4da66526018ec80bf3b6ff91?s=96&d=mm&r=g\",\"caption\":\"Marechaux\"},\"url\":\"https:\/\/www.cabinetmarechaux.com\/index.php\/author\/marechaux\/\"}]}<\/script>\n<!-- \/ Yoast SEO plugin. -->","yoast_head_json":{"title":"Une d\u00e9couverte exceptionnelle \u00e0 l'H\u00f4tel des Ventes de Pau - Cabinet Mar\u00e9chaux","robots":{"index":"index","follow":"follow","max-snippet":"max-snippet:-1","max-image-preview":"max-image-preview:large","max-video-preview":"max-video-preview:-1"},"canonical":"https:\/\/www.cabinetmarechaux.com\/index.php\/2017\/03\/27\/une-decouverte-exceptionnelle-a-lhotel-des-ventes-de-pau\/","og_locale":"fr_FR","og_type":"article","og_title":"Une d\u00e9couverte exceptionnelle \u00e0 l'H\u00f4tel des Ventes de Pau - Cabinet Mar\u00e9chaux","og_description":"\u00a0 Selon l&rsquo;avis n\u00b02017-01 de\u00a0la commission consultative des tr\u00e9sors nationaux, publi\u00e9 le 1er f\u00e9vrier 2017, ce pl\u00e2tre de Rodin a \u00e9t\u00e9 class\u00e9 tr\u00e9sor national par le minist\u00e8re de la culture &hellip; Lire la suite de\u00ab\u00a0Une d\u00e9couverte exceptionnelle \u00e0 l&rsquo;H\u00f4tel des Ventes de Pau\u00a0\u00bb","og_url":"https:\/\/www.cabinetmarechaux.com\/index.php\/2017\/03\/27\/une-decouverte-exceptionnelle-a-lhotel-des-ventes-de-pau\/","og_site_name":"Cabinet Mar\u00e9chaux","article_publisher":"https:\/\/www.facebook.com\/elisabethmarechaux\/?locale=fr_FR","article_published_time":"2017-03-27T09:20:08+00:00","article_modified_time":"2017-12-22T10:29:07+00:00","og_image":[{"width":683,"height":1024,"url":"https:\/\/www.cabinetmarechaux.com\/wp-content\/uploads\/2017\/03\/2016-4939B-2.jpg","type":"image\/jpeg"}],"author":"Marechaux","twitter_card":"summary_large_image","twitter_misc":{"\u00c9crit par":"Marechaux","Dur\u00e9e de lecture estim\u00e9e":"6 minutes"},"schema":{"@context":"https:\/\/schema.org","@graph":[{"@type":"Article","@id":"https:\/\/www.cabinetmarechaux.com\/index.php\/2017\/03\/27\/une-decouverte-exceptionnelle-a-lhotel-des-ventes-de-pau\/#article","isPartOf":{"@id":"https:\/\/www.cabinetmarechaux.com\/index.php\/2017\/03\/27\/une-decouverte-exceptionnelle-a-lhotel-des-ventes-de-pau\/"},"author":{"name":"Marechaux","@id":"https:\/\/www.cabinetmarechaux.com\/#\/schema\/person\/db6a0a584a7ce733754f52fd9c99924c"},"headline":"Une d\u00e9couverte exceptionnelle \u00e0 l&rsquo;H\u00f4tel des Ventes de Pau","datePublished":"2017-03-27T09:20:08+00:00","dateModified":"2017-12-22T10:29:07+00:00","mainEntityOfPage":{"@id":"https:\/\/www.cabinetmarechaux.com\/index.php\/2017\/03\/27\/une-decouverte-exceptionnelle-a-lhotel-des-ventes-de-pau\/"},"wordCount":1258,"publisher":{"@id":"https:\/\/www.cabinetmarechaux.com\/#organization"},"articleSection":["Ventes province"],"inLanguage":"fr-FR"},{"@type":"WebPage","@id":"https:\/\/www.cabinetmarechaux.com\/index.php\/2017\/03\/27\/une-decouverte-exceptionnelle-a-lhotel-des-ventes-de-pau\/","url":"https:\/\/www.cabinetmarechaux.com\/index.php\/2017\/03\/27\/une-decouverte-exceptionnelle-a-lhotel-des-ventes-de-pau\/","name":"Une d\u00e9couverte exceptionnelle \u00e0 l'H\u00f4tel des Ventes de Pau - Cabinet Mar\u00e9chaux","isPartOf":{"@id":"https:\/\/www.cabinetmarechaux.com\/#website"},"datePublished":"2017-03-27T09:20:08+00:00","dateModified":"2017-12-22T10:29:07+00:00","breadcrumb":{"@id":"https:\/\/www.cabinetmarechaux.com\/index.php\/2017\/03\/27\/une-decouverte-exceptionnelle-a-lhotel-des-ventes-de-pau\/#breadcrumb"},"inLanguage":"fr-FR","potentialAction":[{"@type":"ReadAction","target":["https:\/\/www.cabinetmarechaux.com\/index.php\/2017\/03\/27\/une-decouverte-exceptionnelle-a-lhotel-des-ventes-de-pau\/"]}]},{"@type":"BreadcrumbList","@id":"https:\/\/www.cabinetmarechaux.com\/index.php\/2017\/03\/27\/une-decouverte-exceptionnelle-a-lhotel-des-ventes-de-pau\/#breadcrumb","itemListElement":[{"@type":"ListItem","position":1,"name":"Accueil","item":"https:\/\/www.cabinetmarechaux.com\/"},{"@type":"ListItem","position":2,"name":"Une d\u00e9couverte exceptionnelle \u00e0 l&rsquo;H\u00f4tel des Ventes de Pau"}]},{"@type":"WebSite","@id":"https:\/\/www.cabinetmarechaux.com\/#website","url":"https:\/\/www.cabinetmarechaux.com\/","name":"Cabinet Mar\u00e9chaux","description":"Expertise : tableaux, dessins, sculptures des XIXe et XXe si\u00e8cles","publisher":{"@id":"https:\/\/www.cabinetmarechaux.com\/#organization"},"potentialAction":[{"@type":"SearchAction","target":{"@type":"EntryPoint","urlTemplate":"https:\/\/www.cabinetmarechaux.com\/?s={search_term_string}"},"query-input":"required name=search_term_string"}],"inLanguage":"fr-FR"},{"@type":"Organization","@id":"https:\/\/www.cabinetmarechaux.com\/#organization","name":"Cabinet Mar\u00e9chaux","url":"https:\/\/www.cabinetmarechaux.com\/","logo":{"@type":"ImageObject","inLanguage":"fr-FR","@id":"https:\/\/www.cabinetmarechaux.com\/#\/schema\/logo\/image\/","url":"https:\/\/www.cabinetmarechaux.com\/wp-content\/uploads\/2023\/06\/cabinet-marechaux.jpg","contentUrl":"https:\/\/www.cabinetmarechaux.com\/wp-content\/uploads\/2023\/06\/cabinet-marechaux.jpg","width":180,"height":180,"caption":"Cabinet Mar\u00e9chaux"},"image":{"@id":"https:\/\/www.cabinetmarechaux.com\/#\/schema\/logo\/image\/"},"sameAs":["https:\/\/www.facebook.com\/elisabethmarechaux\/?locale=fr_FR","https:\/\/www.instagram.com\/cabinetmarechaux\/"]},{"@type":"Person","@id":"https:\/\/www.cabinetmarechaux.com\/#\/schema\/person\/db6a0a584a7ce733754f52fd9c99924c","name":"Marechaux","image":{"@type":"ImageObject","inLanguage":"fr-FR","@id":"https:\/\/www.cabinetmarechaux.com\/#\/schema\/person\/image\/","url":"https:\/\/secure.gravatar.com\/avatar\/fcad6878fefb88fe03c9c85773284ea685c0418f4da66526018ec80bf3b6ff91?s=96&d=mm&r=g","contentUrl":"https:\/\/secure.gravatar.com\/avatar\/fcad6878fefb88fe03c9c85773284ea685c0418f4da66526018ec80bf3b6ff91?s=96&d=mm&r=g","caption":"Marechaux"},"url":"https:\/\/www.cabinetmarechaux.com\/index.php\/author\/marechaux\/"}]}},"_links":{"self":[{"href":"https:\/\/www.cabinetmarechaux.com\/index.php\/wp-json\/wp\/v2\/posts\/547","targetHints":{"allow":["GET"]}}],"collection":[{"href":"https:\/\/www.cabinetmarechaux.com\/index.php\/wp-json\/wp\/v2\/posts"}],"about":[{"href":"https:\/\/www.cabinetmarechaux.com\/index.php\/wp-json\/wp\/v2\/types\/post"}],"author":[{"embeddable":true,"href":"https:\/\/www.cabinetmarechaux.com\/index.php\/wp-json\/wp\/v2\/users\/1"}],"replies":[{"embeddable":true,"href":"https:\/\/www.cabinetmarechaux.com\/index.php\/wp-json\/wp\/v2\/comments?post=547"}],"version-history":[{"count":12,"href":"https:\/\/www.cabinetmarechaux.com\/index.php\/wp-json\/wp\/v2\/posts\/547\/revisions"}],"predecessor-version":[{"id":1038,"href":"https:\/\/www.cabinetmarechaux.com\/index.php\/wp-json\/wp\/v2\/posts\/547\/revisions\/1038"}],"wp:featuredmedia":[{"embeddable":true,"href":"https:\/\/www.cabinetmarechaux.com\/index.php\/wp-json\/wp\/v2\/media\/538"}],"wp:attachment":[{"href":"https:\/\/www.cabinetmarechaux.com\/index.php\/wp-json\/wp\/v2\/media?parent=547"}],"wp:term":[{"taxonomy":"category","embeddable":true,"href":"https:\/\/www.cabinetmarechaux.com\/index.php\/wp-json\/wp\/v2\/categories?post=547"},{"taxonomy":"post_tag","embeddable":true,"href":"https:\/\/www.cabinetmarechaux.com\/index.php\/wp-json\/wp\/v2\/tags?post=547"}],"curies":[{"name":"wp","href":"https:\/\/api.w.org\/{rel}","templated":true}]}}